{"id":20921,"date":"2014-12-11T08:53:30","date_gmt":"2014-12-11T11:53:30","guid":{"rendered":"http:\/\/argentinamunicipal.com.ar\/argentina\/?p=20921"},"modified":"2014-12-11T08:53:30","modified_gmt":"2014-12-11T11:53:30","slug":"se-ejecutaran-320-mejoramientos-habitacionales-en-14-municipios-entrerrianos","status":"publish","type":"post","link":"http:\/\/argentinamunicipal.com.ar\/argentina\/se-ejecutaran-320-mejoramientos-habitacionales-en-14-municipios-entrerrianos\/","title":{"rendered":"Se ejecutar\u00e1n 320 mejoramientos habitacionales en 14 municipios entrerrianos"},"content":{"rendered":"<p><a href=\"http:\/\/argentinamunicipal.com.ar\/argentina\/wp-content\/uploads\/2014\/12\/viviendas_en_construccion1.jpg\"><img loading=\"lazy\" decoding=\"async\" class=\"alignleft size-full wp-image-20922\" src=\"http:\/\/argentinamunicipal.com.ar\/argentina\/wp-content\/uploads\/2014\/12\/viviendas_en_construccion1.jpg\" alt=\"viviendas_en_construccion1\" width=\"492\" height=\"327\" srcset=\"http:\/\/argentinamunicipal.com.ar\/argentina\/wp-content\/uploads\/2014\/12\/viviendas_en_construccion1.jpg 492w, http:\/\/argentinamunicipal.com.ar\/argentina\/wp-content\/uploads\/2014\/12\/viviendas_en_construccion1-300x199.jpg 300w\" sizes=\"auto, (max-width: 492px) 100vw, 492px\" \/><\/a>En el marco del Programa Federal Mejor Vivir, el gobierno provincial a trav\u00e9s del Instituto Aut\u00e1rquico de Planeamiento y Vivienda (IAPV) rubric\u00f3 este martes convenios con 14 municipios entrerrianos, para la ejecuci\u00f3n de 320 mejoramientos habitacionales, que se realizar\u00e1n a trav\u00e9s de administraci\u00f3n municipal con una inversi\u00f3n de m\u00e1s de 37 millones de pesos<\/p>\n<p>El acto de firmas se desarroll\u00f3 en la ciudad de Col\u00f3n, en la sede del organismo, encabezado por el titular del IAPV, Oscar Marelli, quien estuvo acompa\u00f1ado por el vicepresidente de la repartici\u00f3n, Alfredo Francolini; los vocales Alejandro Rojas y Amalia Peroni; los intendentes y otras autoridades.<\/p>\n<p>En la oportunidad, Marelli dijo que \u201ca trav\u00e9s del Programa Federal Mejor Vivir se permite ayudar a familias de escasos recursos, sin acceso a las formas convencionales de cr\u00e9dito, a refaccionar, ampliar o terminar sus casas, que de otra manera no podr\u00edan concretar el sue\u00f1o de vivir en una vivienda digna\u201d.<\/p>\n<p>El funcionario destac\u00f3 \u201cel efecto multiplicador que tiene la construcci\u00f3n y el mejoramiento de viviendas en la generaci\u00f3n de empleos directos e indirectos y su consecuente impacto en la actividad comercial en las distintas localidades donde se ejecuten los diferentes programas habitacionales\u201d.<\/p>\n<p>Luego expres\u00f3 que \u201cel gobierno provincial est\u00e1 interviniendo de manera equilibrada en grandes, medianas y peque\u00f1as localidades, llegando a lugares que nunca antes se pudo llegar, y resalt\u00f3 la igualdad en la distribuci\u00f3n y el trato hacia todas las comunas, sin importar el color pol\u00edtico al que pertenezcan\u201d.<\/p>\n<p>Por su parte, el intendente de Col\u00f3n, Mariano Rebord expres\u00f3 que la ejecuci\u00f3n de este programa \u201cpermite que muchas familias tengan la posibilidad de mejorar sus viviendas y una nueva oportunidad para progresar y brindarles un futuro digno a sus hijos\u201d.<\/p>\n<p>El jefe comunal subray\u00f3 como fundamental \u201cel trabajo que desarrollan los gobiernos nacional y provincial junto a los diferentes municipios entrerrianos, lo cual representa un gran impacto para el desarrollo y crecimiento de nuestras comunidades y un futuro digno para nuestros habitantes\u201d.<\/p>\n<p>En tanto, el intendente de Maci\u00e1, Ricardo Troncoso, asegur\u00f3 que los nuevos mejoramientos vienen a solucionar el crecimiento de los grupos familiares en nuestra localidad, que impacta directamente en el aumento de las condiciones de vida de nuestros vecinos. Troncoso detall\u00f3 que mediante este programa ya se ejecutaron 55 mejoramientos habitacionales en Maci\u00e1.<\/p>\n<p>En tanto, el vicepresidente del IAPV, Alfredo Francolini, se\u00f1al\u00f3 que \u201ccon el programa Mejor Vivir se empieza a cumplir la deuda social con las familias de menores recursos para que puedan alcanzar mejores condiciones de vida que sus hijos y nietos se merecen\u201d.<\/p>\n<p>Por su parte, el vocal Alejandro Rojas sostuvo que \u201cestas obras est\u00e1n incluidas en el Plan Vivir M\u00e1s Cerca, con el fin de profundizar la pol\u00edtica de inclusi\u00f3n, generar empleo, dinamizar y hacer m\u00e1s competitiva la econom\u00eda y mejorar la calidad de vida de la gente. Para ello la presidenta Cristina Fern\u00e1ndez de Kirchner decidi\u00f3 duplicar el presupuesto destinado a viviendas y poner en marcha m\u00e1s de 105.000 soluciones habitacionales en todo el pa\u00eds\u201d.<\/p>\n<h6>Fuente: APF Digital<\/h6>\n","protected":false},"excerpt":{"rendered":"<p>En el marco del Programa Federal Mejor Vivir, el gobierno provincial a trav\u00e9s del Instituto Aut\u00e1rquico de Planeamiento y Vivienda (IAPV) rubric\u00f3 este martes convenios con 14 municipios entrerrianos, para la ejecuci\u00f3n de 320 mejoramientos habitacionales, que se realizar\u00e1n a trav\u00e9s de administraci\u00f3n municipal con una inversi\u00f3n de m\u00e1s de 37 millones de pesos El<\/p>\n","protected":false},"author":2,"featured_media":20922,"comment_status":"closed","ping_status":"closed","sticky":false,"template":"","format":"standard","meta":{"footnotes":""},"categories":[2],"tags":[17],"class_list":["post-20921","post","type-post","status-publish","format-standard","has-post-thumbnail","hentry","category-informe-municipal","tag-entre-rios"],"_links":{"self":[{"href":"http:\/\/argentinamunicipal.com.ar\/argentina\/wp-json\/wp\/v2\/posts\/20921","targetHints":{"allow":["GET"]}}],"collection":[{"href":"http:\/\/argentinamunicipal.com.ar\/argentina\/wp-json\/wp\/v2\/posts"}],"about":[{"href":"http:\/\/argentinamunicipal.com.ar\/argentina\/wp-json\/wp\/v2\/types\/post"}],"author":[{"embeddable":true,"href":"http:\/\/argentinamunicipal.com.ar\/argentina\/wp-json\/wp\/v2\/users\/2"}],"replies":[{"embeddable":true,"href":"http:\/\/argentinamunicipal.com.ar\/argentina\/wp-json\/wp\/v2\/comments?post=20921"}],"version-history":[{"count":0,"href":"http:\/\/argentinamunicipal.com.ar\/argentina\/wp-json\/wp\/v2\/posts\/20921\/revisions"}],"wp:featuredmedia":[{"embeddable":true,"href":"http:\/\/argentinamunicipal.com.ar\/argentina\/wp-json\/wp\/v2\/media\/20922"}],"wp:attachment":[{"href":"http:\/\/argentinamunicipal.com.ar\/argentina\/wp-json\/wp\/v2\/media?parent=20921"}],"wp:term":[{"taxonomy":"category","embeddable":true,"href":"http:\/\/argentinamunicipal.com.ar\/argentina\/wp-json\/wp\/v2\/categories?post=20921"},{"taxonomy":"post_tag","embeddable":true,"href":"http:\/\/argentinamunicipal.com.ar\/argentina\/wp-json\/wp\/v2\/tags?post=20921"}],"curies":[{"name":"wp","href":"https:\/\/api.w.org\/{rel}","templated":true}]}}