{"id":20927,"date":"2014-12-11T08:58:58","date_gmt":"2014-12-11T11:58:58","guid":{"rendered":"http:\/\/argentinamunicipal.com.ar\/argentina\/?p=20927"},"modified":"2014-12-11T08:58:58","modified_gmt":"2014-12-11T11:58:58","slug":"comienza-hoy-en-parana-la-cumbre-social-del-mercosur","status":"publish","type":"post","link":"http:\/\/argentinamunicipal.com.ar\/argentina\/comienza-hoy-en-parana-la-cumbre-social-del-mercosur\/","title":{"rendered":"Comienza hoy en Paran\u00e1 la Cumbre Social del Mercosur"},"content":{"rendered":"<div id=\"attachment_20928\" style=\"width: 650px\" class=\"wp-caption aligncenter\"><a href=\"http:\/\/argentinamunicipal.com.ar\/argentina\/wp-content\/uploads\/2014\/12\/o_1418270842.jpg\"><img loading=\"lazy\" decoding=\"async\" aria-describedby=\"caption-attachment-20928\" class=\"size-full wp-image-20928\" src=\"http:\/\/argentinamunicipal.com.ar\/argentina\/wp-content\/uploads\/2014\/12\/o_1418270842.jpg\" alt=\"Como viene sucediendo en anteriores encuentros, representantes de Uruguay, Brasil, Paraguay, Venezuela y Argentina\" width=\"640\" height=\"360\" srcset=\"http:\/\/argentinamunicipal.com.ar\/argentina\/wp-content\/uploads\/2014\/12\/o_1418270842.jpg 640w, http:\/\/argentinamunicipal.com.ar\/argentina\/wp-content\/uploads\/2014\/12\/o_1418270842-300x168.jpg 300w\" sizes=\"auto, (max-width: 640px) 100vw, 640px\" \/><\/a><p id=\"caption-attachment-20928\" class=\"wp-caption-text\">Como viene sucediendo en anteriores encuentros, representantes de Uruguay, Brasil, Paraguay, Venezuela y Argentina<\/p><\/div>\n<p>Militantes de organizaciones pol\u00edticas y sociales de Am\u00e9rica del Sur confluir\u00e1n en Paran\u00e1 hoy y ma\u00f1ana para debatir temas y elaborar propuestas en relaci\u00f3n a la integraci\u00f3n regional. El acto de apertura ser\u00e1 al mediod\u00eda en la Escuela Hogar.<\/p>\n<p>La Cumbre Social del Mercosur, instancia previa al encuentro de presidentes que tendr\u00e1 lugar la semana pr\u00f3xima en la capital provincial, se realizar\u00e1 hoy y ma\u00f1ana en Paran\u00e1.<\/p>\n<p>El acto de apertura esta programado para hoy a las 12 en la Escuela Hogar Eva Per\u00f3n. Tras el almuerzo, se dar\u00e1 inicio a los talleres de reflexi\u00f3n y debate pol\u00edtico y se preparar\u00e1 la parte declarativa del documento de la Cumbre Social. A partir de las 20, se desarrollar\u00e1 una pe\u00f1a popular latinoamericana con m\u00fasica en vivo.<\/p>\n<p>Ma\u00f1ana a las 9 comenzar\u00e1 el trabajo en grupos por \u00e1reas tem\u00e1ticas y se preparar\u00e1 la parte propositiva de la Cumbre Social. Desde las 15, en plenario, se expondr\u00e1n las conclusiones y se dar\u00e1 lectura a la declaraci\u00f3n de la Cumbre Social. El acto de cierre est\u00e1 previsto para las 17, con la presencia de importantes dirigentes pol\u00edticos del pa\u00eds y la regi\u00f3n.<\/p>\n<p>\u201cEl debate de ideas y la elaboraci\u00f3n de propuestas es fundamental para que nuestros pa\u00edses contin\u00faen en esta senda de desarrollo que permite la inclusi\u00f3n social m\u00e1s grande de la historia, y que contempla la diversidad en la que vivimos\u201d, manifest\u00f3 el gobernador Sergio Urribarri, en referencia al encuentro que desde 2006 viene propiciando un espacio de di\u00e1logo entre los gobiernos y la sociedad civil del Mercosur y Am\u00e9rica toda.<\/p>\n<p>\u201cEsto que naci\u00f3 como un mercado com\u00fan y que en alguna \u00e9poca fue vaciado de contenido pol\u00edtico y compartimentado para pensar las problem\u00e1ticas por separado y no en forma integral, hoy tiene contenido y acciones concretas. Es en ese marco que la Cumbre Social se convierte en un espacio de este proceso de integraci\u00f3n y no s\u00f3lo en una foto donde nos abrazamos y declaramos nuestro afecto. Existe este espacio, justamente, porque es necesario darle cuerpo, llevar a cuestiones concretas esas ideas que compartimos y en las cuales nos sentimos hermanados\u201d, afirm\u00f3 el mandatario.<\/p>\n<p><strong>TEMAS.<\/strong> M\u00e1s participaci\u00f3n social para profundizar la integraci\u00f3n es el lema del encuentro que reunir\u00e1 a visitantes de Uruguay, Brasil, Paraguay y Venezuela, as\u00ed como de otras provincias argentinas.<\/p>\n<p>El contexto actual del proceso de integraci\u00f3n, la integraci\u00f3n productiva, la econom\u00eda social, la ciudadan\u00eda regional, la soberan\u00eda pol\u00edtica y la independencia econ\u00f3mica ser\u00e1n algunos de los temas para el an\u00e1lisis en la primera jornada.<\/p>\n<p>El segundo d\u00eda se abordar\u00e1n cuestiones espec\u00edficas de la agenda del Mercosur, con el objetivo de elaborar propuestas concretas por parte de las organizaciones para ser implementadas por los \u00f3rganos del Mercado Com\u00fan del Sur. Se trabajar\u00e1 acerca de derechos humanos, participaci\u00f3n social, desarrollo sustentable, seguridad alimentaria y comunicaci\u00f3n social.<\/p>\n<h6>Fuente: El Diario de Entre R\u00edos<\/h6>\n","protected":false},"excerpt":{"rendered":"<p>Militantes de organizaciones pol\u00edticas y sociales de Am\u00e9rica del Sur confluir\u00e1n en Paran\u00e1 hoy y ma\u00f1ana para debatir temas y elaborar propuestas en relaci\u00f3n a la integraci\u00f3n regional. El acto de apertura ser\u00e1 al mediod\u00eda en la Escuela Hogar. La Cumbre Social del Mercosur, instancia previa al encuentro de presidentes que tendr\u00e1 lugar la semana<\/p>\n","protected":false},"author":2,"featured_media":20928,"comment_status":"closed","ping_status":"closed","sticky":false,"template":"","format":"standard","meta":{"footnotes":""},"categories":[2],"tags":[17],"class_list":["post-20927","post","type-post","status-publish","format-standard","has-post-thumbnail","hentry","category-informe-municipal","tag-entre-rios"],"_links":{"self":[{"href":"http:\/\/argentinamunicipal.com.ar\/argentina\/wp-json\/wp\/v2\/posts\/20927","targetHints":{"allow":["GET"]}}],"collection":[{"href":"http:\/\/argentinamunicipal.com.ar\/argentina\/wp-json\/wp\/v2\/posts"}],"about":[{"href":"http:\/\/argentinamunicipal.com.ar\/argentina\/wp-json\/wp\/v2\/types\/post"}],"author":[{"embeddable":true,"href":"http:\/\/argentinamunicipal.com.ar\/argentina\/wp-json\/wp\/v2\/users\/2"}],"replies":[{"embeddable":true,"href":"http:\/\/argentinamunicipal.com.ar\/argentina\/wp-json\/wp\/v2\/comments?post=20927"}],"version-history":[{"count":0,"href":"http:\/\/argentinamunicipal.com.ar\/argentina\/wp-json\/wp\/v2\/posts\/20927\/revisions"}],"wp:featuredmedia":[{"embeddable":true,"href":"http:\/\/argentinamunicipal.com.ar\/argentina\/wp-json\/wp\/v2\/media\/20928"}],"wp:attachment":[{"href":"http:\/\/argentinamunicipal.com.ar\/argentina\/wp-json\/wp\/v2\/media?parent=20927"}],"wp:term":[{"taxonomy":"category","embeddable":true,"href":"http:\/\/argentinamunicipal.com.ar\/argentina\/wp-json\/wp\/v2\/categories?post=20927"},{"taxonomy":"post_tag","embeddable":true,"href":"http:\/\/argentinamunicipal.com.ar\/argentina\/wp-json\/wp\/v2\/tags?post=20927"}],"curies":[{"name":"wp","href":"https:\/\/api.w.org\/{rel}","templated":true}]}}