{"id":2094,"date":"2014-02-25T10:33:07","date_gmt":"2014-02-25T13:33:07","guid":{"rendered":"http:\/\/argentinamunicipal.com.ar\/argentina\/?p=2094"},"modified":"2014-02-25T10:33:07","modified_gmt":"2014-02-25T13:33:07","slug":"capacitan-a-autoridades-de-comunas-y-municipios-de-la-region-de-venado-tuerto","status":"publish","type":"post","link":"http:\/\/argentinamunicipal.com.ar\/argentina\/capacitan-a-autoridades-de-comunas-y-municipios-de-la-region-de-venado-tuerto\/","title":{"rendered":"Capacitan a autoridades de comunas y municipios de la regi\u00f3n de Venado Tuerto"},"content":{"rendered":"<p>La provincia, a trav\u00e9s del programa Gobierno, Escuela de Municipios y Comunas, realizar\u00e1 hoy en Venado Tuerto, la primera capacitaci\u00f3n del a\u00f1o para autoridades locales.<\/p>\n<p>La iniciativa, dirigida a autoridades, funcionarios, miembros de comisiones comunales y equipos t\u00e9cnico-pol\u00edtico de los gobiernos de los municipios y comunas de la regi\u00f3n, se har\u00e1 desde las 16 en el Centro C\u00edvico de la Regi\u00f3n 5, 9 de Julio 1765.<\/p>\n<p>La capacitaci\u00f3n tiene por fin brindar instrumentos y herramientas de gesti\u00f3n y profundizar en tem\u00e1ticas de inter\u00e9s para la administraci\u00f3n p\u00fablica local, orient\u00e1ndolos a los fines de lograr una mayor eficiencia en la gesti\u00f3n.<\/p>\n<p>La especializaci\u00f3n intenta fortalecer las capacidades de los gobiernos locales y sus equipos t\u00e9cnico-pol\u00edticos; desarrollando conceptos y elementos que posibiliten planificar, organizar y gestionar el territorio y los servicios locales de manera eficiente.<\/p>\n<p>Con un formato din\u00e1mico, esta primera edici\u00f3n, abordar\u00e1 por un lado, el marco jur\u00eddico e institucional de los municipios y las comunas, y por el otro, aspectos generales de planificaci\u00f3n y presupuestaci\u00f3n financiera, con tem\u00e1ticas centralizadas en normativas legales, recursos y coparticipaci\u00f3n.<\/p>\n<p>La presentaci\u00f3n y apertura del encuentro estar\u00e1 a cargo del Secretario de Regiones, Municipios y Comunas, Horacio Ghirardi y el Coordinador de la Regi\u00f3n 5, Oscar Pieroni, desarroll\u00e1ndose la actividad por m\u00f3dulos con exposiciones, ronda de consultas, conclusiones y entrega de certificados al finalizar el encuentro.<\/p>\n<p>Los interesados pueden obtener m\u00e1s datos en el Centro C\u00edvico Provincial de Venado Tuerto o a los tel\u00e9fonos 03462 408800 o 408801.<\/p>\n<h6>Fuente: La Capital de Rosario<\/h6>\n","protected":false},"excerpt":{"rendered":"<p>La provincia, a trav\u00e9s del programa Gobierno, Escuela de Municipios y Comunas, realizar\u00e1 hoy en Venado Tuerto, la primera capacitaci\u00f3n del a\u00f1o para autoridades locales. La iniciativa, dirigida a autoridades, funcionarios, miembros de comisiones comunales y equipos t\u00e9cnico-pol\u00edtico de los gobiernos de los municipios y comunas de la regi\u00f3n, se har\u00e1 desde las 16 en<\/p>\n","protected":false},"author":1,"featured_media":2095,"comment_status":"closed","ping_status":"closed","sticky":false,"template":"","format":"standard","meta":{"footnotes":""},"categories":[2],"tags":[10],"class_list":["post-2094","post","type-post","status-publish","format-standard","has-post-thumbnail","hentry","category-informe-municipal","tag-santa-fe"],"_links":{"self":[{"href":"http:\/\/argentinamunicipal.com.ar\/argentina\/wp-json\/wp\/v2\/posts\/2094","targetHints":{"allow":["GET"]}}],"collection":[{"href":"http:\/\/argentinamunicipal.com.ar\/argentina\/wp-json\/wp\/v2\/posts"}],"about":[{"href":"http:\/\/argentinamunicipal.com.ar\/argentina\/wp-json\/wp\/v2\/types\/post"}],"author":[{"embeddable":true,"href":"http:\/\/argentinamunicipal.com.ar\/argentina\/wp-json\/wp\/v2\/users\/1"}],"replies":[{"embeddable":true,"href":"http:\/\/argentinamunicipal.com.ar\/argentina\/wp-json\/wp\/v2\/comments?post=2094"}],"version-history":[{"count":0,"href":"http:\/\/argentinamunicipal.com.ar\/argentina\/wp-json\/wp\/v2\/posts\/2094\/revisions"}],"wp:featuredmedia":[{"embeddable":true,"href":"http:\/\/argentinamunicipal.com.ar\/argentina\/wp-json\/wp\/v2\/media\/2095"}],"wp:attachment":[{"href":"http:\/\/argentinamunicipal.com.ar\/argentina\/wp-json\/wp\/v2\/media?parent=2094"}],"wp:term":[{"taxonomy":"category","embeddable":true,"href":"http:\/\/argentinamunicipal.com.ar\/argentina\/wp-json\/wp\/v2\/categories?post=2094"},{"taxonomy":"post_tag","embeddable":true,"href":"http:\/\/argentinamunicipal.com.ar\/argentina\/wp-json\/wp\/v2\/tags?post=2094"}],"curies":[{"name":"wp","href":"https:\/\/api.w.org\/{rel}","templated":true}]}}