{"id":20944,"date":"2014-12-11T09:24:44","date_gmt":"2014-12-11T12:24:44","guid":{"rendered":"http:\/\/argentinamunicipal.com.ar\/argentina\/?p=20944"},"modified":"2014-12-11T09:24:44","modified_gmt":"2014-12-11T12:24:44","slug":"bariloche-apuesta-multiplicar-la-recaudacion-por-multas","status":"publish","type":"post","link":"http:\/\/argentinamunicipal.com.ar\/argentina\/bariloche-apuesta-multiplicar-la-recaudacion-por-multas\/","title":{"rendered":"Bariloche apuesta a multiplicar la recaudaci\u00f3n por multas"},"content":{"rendered":"<p><a href=\"http:\/\/argentinamunicipal.com.ar\/argentina\/wp-content\/uploads\/2014\/12\/multa.jpg\"><img loading=\"lazy\" decoding=\"async\" class=\"aligncenter size-full wp-image-20945\" src=\"http:\/\/argentinamunicipal.com.ar\/argentina\/wp-content\/uploads\/2014\/12\/multa.jpg\" alt=\"multa\" width=\"598\" height=\"303\" srcset=\"http:\/\/argentinamunicipal.com.ar\/argentina\/wp-content\/uploads\/2014\/12\/multa.jpg 598w, http:\/\/argentinamunicipal.com.ar\/argentina\/wp-content\/uploads\/2014\/12\/multa-300x152.jpg 300w\" sizes=\"auto, (max-width: 598px) 100vw, 598px\" \/><\/a><br \/>\nLa comuna prev\u00e9 recibir $ 25.550.000 por ese concepto el pr\u00f3ximo a\u00f1o.<\/p>\n<p>El Ejecutivo aspira a convertir las infracciones y multas en un factor determinante de la recaudaci\u00f3n municipal. La previsi\u00f3n para esa cuenta incluida en el presupuesto es de 25,55 millones de pesos, una cifra superior a la del ejercicio vigente.<\/p>\n<p>El secretario de Gobierno, Daniel Natapof, dijo ayer que el juzgado de Faltas 2 (dedicado en exclusiva al tr\u00e1nsito y transporte) recauda hoy un promedio de $ 300.000 mensuales y \u00abel objetivo es llevarlo en 2015 a 800.000 o un mill\u00f3n\u00bb.<\/p>\n<p>Se\u00f1al\u00f3 que apuntan a lograr ese objetivo con el aumento general de multas y recargos incluido en el paquete fiscal que acompa\u00f1a al presupuesto, sumadas la incorporaci\u00f3n de la \u00abbase de datos\u00bb de la Agencia Nacional de Seguridad Vial y el funcionamiento de la gr\u00faa, que ya circula desde hace un par de d\u00edas.<\/p>\n<p>Este \u00faltimo dato no hab\u00eda sido difundido por el municipio, pero Natapof confirm\u00f3 que existe una gr\u00faa alquilada que comenz\u00f3 a trabajar en la \u00f3rbita de la subsecretar\u00eda de Tr\u00e1nsito y Transporte y lo estimado es que esa herramienta (ausente desde hace a\u00f1os) aporte por s\u00ed sola una recaudaci\u00f3n extra de 500.000 pesos mensuales.<\/p>\n<p>Algunos concejales consideraron exagerada la meta de 25 millones, pero Natapof dijo que con el registro y cobranza de las multas \u00abel n\u00famero es razonable\u00bb.<\/p>\n<p>Si el Deliberante aprueba el proyecto de actualizaci\u00f3n de montos la infracci\u00f3n de tr\u00e1nsito \u00ableve\u00bb con pago voluntario que hoy se salda con 150 pesos pasar\u00e1 a costar 350 pesos. Por las faltas \u00abmuy graves\u00bb las sanciones podr\u00edan llegar a los 20.000 pesos.<\/p>\n<p>Natapof y el subsecretario de Hacienda, Horacio Brucellaria, aclararon que la partida de multas no s\u00f3lo se sustentar\u00e1 en la fiscalizaci\u00f3n ejercida por los inspectores de tr\u00e1nsito, sino tambi\u00e9n en la regularizaci\u00f3n de obras no declaradas, las infracciones de comercio y la \u00abredeterminaci\u00f3n\u00bb de deudas por tasa comercial.<\/p>\n<h6>Fuente: R\u00edo Negro<\/h6>\n","protected":false},"excerpt":{"rendered":"<p>La comuna prev\u00e9 recibir $ 25.550.000 por ese concepto el pr\u00f3ximo a\u00f1o. El Ejecutivo aspira a convertir las infracciones y multas en un factor determinante de la recaudaci\u00f3n municipal. La previsi\u00f3n para esa cuenta incluida en el presupuesto es de 25,55 millones de pesos, una cifra superior a la del ejercicio vigente. El secretario de<\/p>\n","protected":false},"author":2,"featured_media":20945,"comment_status":"closed","ping_status":"closed","sticky":false,"template":"","format":"standard","meta":{"footnotes":""},"categories":[5],"tags":[11],"class_list":["post-20944","post","type-post","status-publish","format-standard","has-post-thumbnail","hentry","category-informe-economico","tag-rio-negro"],"_links":{"self":[{"href":"http:\/\/argentinamunicipal.com.ar\/argentina\/wp-json\/wp\/v2\/posts\/20944","targetHints":{"allow":["GET"]}}],"collection":[{"href":"http:\/\/argentinamunicipal.com.ar\/argentina\/wp-json\/wp\/v2\/posts"}],"about":[{"href":"http:\/\/argentinamunicipal.com.ar\/argentina\/wp-json\/wp\/v2\/types\/post"}],"author":[{"embeddable":true,"href":"http:\/\/argentinamunicipal.com.ar\/argentina\/wp-json\/wp\/v2\/users\/2"}],"replies":[{"embeddable":true,"href":"http:\/\/argentinamunicipal.com.ar\/argentina\/wp-json\/wp\/v2\/comments?post=20944"}],"version-history":[{"count":0,"href":"http:\/\/argentinamunicipal.com.ar\/argentina\/wp-json\/wp\/v2\/posts\/20944\/revisions"}],"wp:featuredmedia":[{"embeddable":true,"href":"http:\/\/argentinamunicipal.com.ar\/argentina\/wp-json\/wp\/v2\/media\/20945"}],"wp:attachment":[{"href":"http:\/\/argentinamunicipal.com.ar\/argentina\/wp-json\/wp\/v2\/media?parent=20944"}],"wp:term":[{"taxonomy":"category","embeddable":true,"href":"http:\/\/argentinamunicipal.com.ar\/argentina\/wp-json\/wp\/v2\/categories?post=20944"},{"taxonomy":"post_tag","embeddable":true,"href":"http:\/\/argentinamunicipal.com.ar\/argentina\/wp-json\/wp\/v2\/tags?post=20944"}],"curies":[{"name":"wp","href":"https:\/\/api.w.org\/{rel}","templated":true}]}}