{"id":20966,"date":"2014-12-11T10:01:10","date_gmt":"2014-12-11T13:01:10","guid":{"rendered":"http:\/\/argentinamunicipal.com.ar\/argentina\/?p=20966"},"modified":"2014-12-11T10:01:10","modified_gmt":"2014-12-11T13:01:10","slug":"cumbre-iberoamericana-unanime-apoyo-argentina-por-malvinas-y-la-disputa-con-los-buitres","status":"publish","type":"post","link":"http:\/\/argentinamunicipal.com.ar\/argentina\/cumbre-iberoamericana-unanime-apoyo-argentina-por-malvinas-y-la-disputa-con-los-buitres\/","title":{"rendered":"Cumbre\u00a0Iberoamericana : un\u00e1nime apoyo a Argentina por Malvinas y la disputa con los buitres"},"content":{"rendered":"<p><a href=\"http:\/\/argentinamunicipal.com.ar\/argentina\/wp-content\/uploads\/2014\/12\/integracion-Mexico-cooperacion-Espana-Portugal_LNCIMA20141209_0064_27.jpg\"><img loading=\"lazy\" decoding=\"async\" class=\"aligncenter  wp-image-20967\" src=\"http:\/\/argentinamunicipal.com.ar\/argentina\/wp-content\/uploads\/2014\/12\/integracion-Mexico-cooperacion-Espana-Portugal_LNCIMA20141209_0064_27.jpg\" alt=\"integracion-Mexico-cooperacion-Espana-Portugal_LNCIMA20141209_0064_27\" width=\"674\" height=\"445\" srcset=\"http:\/\/argentinamunicipal.com.ar\/argentina\/wp-content\/uploads\/2014\/12\/integracion-Mexico-cooperacion-Espana-Portugal_LNCIMA20141209_0064_27.jpg 797w, http:\/\/argentinamunicipal.com.ar\/argentina\/wp-content\/uploads\/2014\/12\/integracion-Mexico-cooperacion-Espana-Portugal_LNCIMA20141209_0064_27-300x197.jpg 300w\" sizes=\"auto, (max-width: 674px) 100vw, 674px\" \/><\/a><\/p>\n<p>A trav\u00e9s de dos comunicados, los Jefes y Jefas de estado que participaron de la reuni\u00f3n pusieron de manifiesto su en\u00e9rgico apoyo al pa\u00eds en relaci\u00f3n a la cuesti\u00f3n Malvinas y a la disputa con los fondos buitres.<\/p>\n<p>La firma de ambos documentos fue informada por el canciller H\u00e9ctor Timerman, quien encabez\u00f3 la delegaci\u00f3n argentina ante la Cumbre Iberoamericana que sesion\u00f3 el lunes y este martes en la ciudad mexicana, y se mostr\u00f3 \u00abprofundamente satisfecho\u00bb por el resultado obtenido por la Argentina en el encuentro.<\/p>\n<p>A trav\u00e9s del \u00abComunicado especial sobre reestructuraci\u00f3n de deuda soberana\u00bb, los gobernantes reivindicaron \u00abel derecho de todo Estado de alcanzar acuerdos con sus acreedores que no comprometan su desarrollo ni el bienestar de sus pueblos, en consonancia de su pol\u00edtica nacional, sin interferencias ni planteos de grupos minoritarios de tenedores de t\u00edtulos no reestructurados\u00bb.<\/p>\n<p>Tambi\u00e9n expresaron su \u00abvoluntad de seguir trabajando en mecanismos multilaterales, involucrando a todas las instituciones competentes sobre la reestructuraci\u00f3n de la deuda soberana\u00bb.<\/p>\n<p>Al respecto, destacaron, entre otros, \u00abel proceso de negociaciones abierto a partir de la Resoluci\u00f3n 68\/304 de la Asamblea General de Naciones Unidas\u201d.<\/p>\n<p>Por otra parte, en el \u00abComunicado especial sobre la cuesti\u00f3n de las islas Malvinas\u00bb, los pa\u00edses iberoamericanos reiteraron el hist\u00f3rico respaldo al pedido de que los gobiernos de la Argentina y el Reino Unido \u00abreanuden, a la mayor brevedad posible, las negociaciones tendientes a encontrar una pronta soluci\u00f3n a la disputa de soberan\u00eda\u00bb.<\/p>\n<p>Asimismo, manifestaron su rechazo a las acciones unilaterales de exploraci\u00f3n y explotaci\u00f3n de recursos renovables y no renovables que el Reino Unido ha venido llevando adelante en el \u00e1rea en disputa.<\/p>\n<p>En ese sentido, los firmantes recordaron \u00ablos llamamientos de la comunidad internacional a abstenerse de adoptar decisiones que entra\u00f1en modificaciones unilaterales en la situaci\u00f3n de las Islas Malvinas de conformidad con la Resoluci\u00f3n 31\/49 de la Asamblea General de las Naciones Unidas, que en nada contribuyen para alcanzar una soluci\u00f3n definitiva de la disputa territorial\u00bb.<\/p>\n<p>Adem\u00e1s, resaltaron que la presencia militar en el \u00e1rea de disputa vulnera resoluciones de la Organizaci\u00f3n de Naciones Unidas.<\/p>\n<p style=\"text-align: center\">[embedyt]http:\/\/www.youtube.com\/watch?v=ahoj_eW9skQ[\/embedyt]<\/p>\n<p>Timerman afirm\u00f3 al t\u00e9rmino de la cumbre que este apoyo un\u00e1nime de los pa\u00edses iberoamericanos \u00abes de significativa importancia en momentos en que en las Naciones Unidas se est\u00e1n realizando preparativos para iniciar, a partir del 1 de enero de 2015, la negociaci\u00f3n de un marco legal internacional para los procesos de reestructuraci\u00f3n de deudas soberanas\u00bb.<\/p>\n<p>Destac\u00f3 que cada vez son m\u00e1s pa\u00edses los que se pliegan a la propuesta presentada en septiembre pasado por el Grupo de los 77+China para que el organismo apruebe una normativa general, \u00abcomo lo ha hecho con las armas nucleares y con tantos temas importantes\u00bb.<\/p>\n<p>\u00abEste tipo de situaciones, donde grupos inescrupulosos compran bonos que se sabe que no se est\u00e1n pagando para llevarlos ante un juez, como el de Nueva York -en alusi\u00f3n al magistrado Thomas Griesa- y sacar un rendimiento de 1.300 por ciento es algo que realmente compromete el desarrollo de los pueblos, que fue el motivo de fondo de esta cumbre\u00bb, dijo.<\/p>\n<h6>Fuente: T\u00e9lam<\/h6>\n","protected":false},"excerpt":{"rendered":"<p>A trav\u00e9s de dos comunicados, los Jefes y Jefas de estado que participaron de la reuni\u00f3n pusieron de manifiesto su en\u00e9rgico apoyo al pa\u00eds en relaci\u00f3n a la cuesti\u00f3n Malvinas y a la disputa con los fondos buitres. La firma de ambos documentos fue informada por el canciller H\u00e9ctor Timerman, quien encabez\u00f3 la delegaci\u00f3n argentina<\/p>\n","protected":false},"author":2,"featured_media":20967,"comment_status":"closed","ping_status":"closed","sticky":false,"template":"","format":"standard","meta":{"footnotes":""},"categories":[8],"tags":[21],"class_list":["post-20966","post","type-post","status-publish","format-standard","has-post-thumbnail","hentry","category-informe-nacional","tag-argentina"],"_links":{"self":[{"href":"http:\/\/argentinamunicipal.com.ar\/argentina\/wp-json\/wp\/v2\/posts\/20966","targetHints":{"allow":["GET"]}}],"collection":[{"href":"http:\/\/argentinamunicipal.com.ar\/argentina\/wp-json\/wp\/v2\/posts"}],"about":[{"href":"http:\/\/argentinamunicipal.com.ar\/argentina\/wp-json\/wp\/v2\/types\/post"}],"author":[{"embeddable":true,"href":"http:\/\/argentinamunicipal.com.ar\/argentina\/wp-json\/wp\/v2\/users\/2"}],"replies":[{"embeddable":true,"href":"http:\/\/argentinamunicipal.com.ar\/argentina\/wp-json\/wp\/v2\/comments?post=20966"}],"version-history":[{"count":0,"href":"http:\/\/argentinamunicipal.com.ar\/argentina\/wp-json\/wp\/v2\/posts\/20966\/revisions"}],"wp:featuredmedia":[{"embeddable":true,"href":"http:\/\/argentinamunicipal.com.ar\/argentina\/wp-json\/wp\/v2\/media\/20967"}],"wp:attachment":[{"href":"http:\/\/argentinamunicipal.com.ar\/argentina\/wp-json\/wp\/v2\/media?parent=20966"}],"wp:term":[{"taxonomy":"category","embeddable":true,"href":"http:\/\/argentinamunicipal.com.ar\/argentina\/wp-json\/wp\/v2\/categories?post=20966"},{"taxonomy":"post_tag","embeddable":true,"href":"http:\/\/argentinamunicipal.com.ar\/argentina\/wp-json\/wp\/v2\/tags?post=20966"}],"curies":[{"name":"wp","href":"https:\/\/api.w.org\/{rel}","templated":true}]}}