{"id":2103,"date":"2014-02-25T10:46:12","date_gmt":"2014-02-25T13:46:12","guid":{"rendered":"http:\/\/argentinamunicipal.com.ar\/argentina\/?p=2103"},"modified":"2014-02-25T10:46:12","modified_gmt":"2014-02-25T13:46:12","slug":"cuba-recorto-casi-600-mil-empleos-en-el-estado-desde-2009","status":"publish","type":"post","link":"http:\/\/argentinamunicipal.com.ar\/argentina\/cuba-recorto-casi-600-mil-empleos-en-el-estado-desde-2009\/","title":{"rendered":"Cuba recort\u00f3 casi 600 mil empleos en el Estado desde 2009"},"content":{"rendered":"<div id=\"attachment_2104\" style=\"width: 780px\" class=\"wp-caption aligncenter\"><a href=\"http:\/\/argentinamunicipal.com.ar\/argentina\/wp-content\/uploads\/2014\/02\/0010523143.jpg\"><img loading=\"lazy\" decoding=\"async\" aria-describedby=\"caption-attachment-2104\" class=\"size-full wp-image-2104\" alt=\"Cuentapropismo. Una peluquer\u00eda particular en La Habana. Estos negocios se han multiplicado.\" src=\"http:\/\/argentinamunicipal.com.ar\/argentina\/wp-content\/uploads\/2014\/02\/0010523143.jpg\" width=\"770\" height=\"433\" srcset=\"http:\/\/argentinamunicipal.com.ar\/argentina\/wp-content\/uploads\/2014\/02\/0010523143.jpg 770w, http:\/\/argentinamunicipal.com.ar\/argentina\/wp-content\/uploads\/2014\/02\/0010523143-300x168.jpg 300w\" sizes=\"auto, (max-width: 770px) 100vw, 770px\" \/><\/a><p id=\"caption-attachment-2104\" class=\"wp-caption-text\">Cuentapropismo. Una peluquer\u00eda particular en La Habana. Estos negocios se han multiplicado.<\/p><\/div>\n<p>El ajuste es parcialmente compensado con la creaci\u00f3n de puestos en el sector privado, especialmente en comercio y agro.<\/p>\n<p>Cuba continu\u00f3 reduciendo los empleos p\u00fablicos y trasladando trabajadores al sector privado en 2013, seg\u00fan un informe de la estatal Central de Trabajadores publicado el fin de semana, en medio de las reformas al viejo sistema de estilo sovi\u00e9tico que impulsa el presidente Ra\u00fal Castro.El Partido Comunista de Cuba anunci\u00f3 en 2011 planes para modernizar la econom\u00eda, aumentar su eficiencia y mejorar los salarios de los empleados del Estado. Desde 2009, casi 600 mil empleados estatales fueron dados de baja seg\u00fan n\u00fameros oficiales.<\/p>\n<p>El plan considera traspasar actividades econ\u00f3micas secundarias al mercado, empresas privadas, cooperativas y sistemas de arriendos, mientras el Estado concentra recursos en las grandes empresas que controla para tratar de hacerlas m\u00e1s competitivas.<\/p>\n<p>El diario oficial Juventud Rebelde afirm\u00f3 el domingo que un informe aprobado por el Congreso de la Central de Trabajadores de Cuba (CTC) estableci\u00f3 que se han recortado m\u00e1s de un 10 por ciento de los empleados p\u00fablicos desde 2009.<\/p>\n<p>\u00abComo resultado de ese proceso y el congelamiento de plantillas desde el 2009, disminuy\u00f3 la ocupaci\u00f3n laboral en el sector estatal civil en 596.500 trabajadores.<\/p>\n<p>Por otra parte, se increment\u00f3 el n\u00famero de ocupados en la econom\u00eda en el sector no estatal en m\u00e1s de 450.000 trabajadores\u00bb, seg\u00fan Juventud Rebelde.<\/p>\n<p>Cuba tiene una fuerza laboral potencial de m\u00e1s de seis millones de personas, de las cuales se reportaban cinco millones de empleados en 2012, de acuerdo con las \u00faltimas cifras disponibles. Al mismo tiempo, la cifra de trabajadores privados, o \u00abno estatales\u00bb como se los llama en Cuba, subi\u00f3 a un mill\u00f3n de personas en 2012, cerca del doble que en 2009.<\/p>\n<p>La mayor\u00eda de los trabajadores no estatales eran agricultores, que han crecido bajo las reformas al sector de Castro. Estas incluyen el arriendo de tierras del Estado a particulares con el objetivo de estimular la producci\u00f3n local de alimentos y recortar la necesidad de importarlos.<\/p>\n<h2>\u00abNo estatales\u00bb<\/h2>\n<p>El resto de los trabajadores no estatales, algo m\u00e1s de 400.000 en 2012, eran mayormente peque\u00f1os empresarios minoristas o trabajadores independientes como carpinteros, fot\u00f3grafos y conductores de taxi. El informe aprobado en el congreso de la CTC, que se reuni\u00f3 en La Habana la semana pasada, dijo que la cifra \u00abse increment\u00f3 a m\u00e1s de 450.000\u00bb el a\u00f1o pasado.<\/p>\n<p>\u00abSi Cuba va a salir de su ineficiencia econ\u00f3mica, es de importancia crucial promover una econom\u00eda mixta con los sectores clave bajo control del Estado, pero con oportunidades para empresas peque\u00f1as y medianas\u00bb, le dijo a la agencia Reuters John Kirk, canadiense experto en Latinoam\u00e9rica y autor de varios libros sobre Cuba. \u00abHa habido un incremento notable en los servicios suministrados por peque\u00f1as empresas y cooperativas y esas iniciativas deber\u00edan estimularse\u00bb, dijo.<\/p>\n<p>El Estado, ahogado por la falta de efectivo, est\u00e1 cerrando miles de sus peque\u00f1os negocios minoristas, como peluquer\u00edas y cafeter\u00edas debido a la ineficiencia econ\u00f3mica y al robo de los empleados, y ofrece arrendarlos a los propios empleados u otros interesados. El a\u00f1o pasado el Estado convirti\u00f3 m\u00e1s de 200 peque\u00f1as y medianas empresas estatales en cooperativas privadas. Se espera que otros cientos se conviertan en cooperativas este a\u00f1o. El gobierno espera eliminar el 20 por ciento de la fuerza laboral estatal, o casi un mill\u00f3n de empleos para 2016.<\/p>\n<p>Los cr\u00edticos del r\u00e9gimen cubano se\u00f1alan que muchos de los puestos creados en el sector privado son precarios, y que una buena parte de los locales comerciales abiertos no lograr\u00edan la habilitaci\u00f3n de las autoridades en otros pa\u00edses por su pobre presentaci\u00f3n.<\/p>\n<h6>Fuente: La Capital de Rosario<\/h6>\n","protected":false},"excerpt":{"rendered":"<p>El ajuste es parcialmente compensado con la creaci\u00f3n de puestos en el sector privado, especialmente en comercio y agro. Cuba continu\u00f3 reduciendo los empleos p\u00fablicos y trasladando trabajadores al sector privado en 2013, seg\u00fan un informe de la estatal Central de Trabajadores publicado el fin de semana, en medio de las reformas al viejo sistema<\/p>\n","protected":false},"author":1,"featured_media":2104,"comment_status":"closed","ping_status":"closed","sticky":false,"template":"","format":"standard","meta":{"footnotes":""},"categories":[22],"tags":[57],"class_list":["post-2103","post","type-post","status-publish","format-standard","has-post-thumbnail","hentry","category-el-mundo","tag-el-mundo"],"_links":{"self":[{"href":"http:\/\/argentinamunicipal.com.ar\/argentina\/wp-json\/wp\/v2\/posts\/2103","targetHints":{"allow":["GET"]}}],"collection":[{"href":"http:\/\/argentinamunicipal.com.ar\/argentina\/wp-json\/wp\/v2\/posts"}],"about":[{"href":"http:\/\/argentinamunicipal.com.ar\/argentina\/wp-json\/wp\/v2\/types\/post"}],"author":[{"embeddable":true,"href":"http:\/\/argentinamunicipal.com.ar\/argentina\/wp-json\/wp\/v2\/users\/1"}],"replies":[{"embeddable":true,"href":"http:\/\/argentinamunicipal.com.ar\/argentina\/wp-json\/wp\/v2\/comments?post=2103"}],"version-history":[{"count":0,"href":"http:\/\/argentinamunicipal.com.ar\/argentina\/wp-json\/wp\/v2\/posts\/2103\/revisions"}],"wp:featuredmedia":[{"embeddable":true,"href":"http:\/\/argentinamunicipal.com.ar\/argentina\/wp-json\/wp\/v2\/media\/2104"}],"wp:attachment":[{"href":"http:\/\/argentinamunicipal.com.ar\/argentina\/wp-json\/wp\/v2\/media?parent=2103"}],"wp:term":[{"taxonomy":"category","embeddable":true,"href":"http:\/\/argentinamunicipal.com.ar\/argentina\/wp-json\/wp\/v2\/categories?post=2103"},{"taxonomy":"post_tag","embeddable":true,"href":"http:\/\/argentinamunicipal.com.ar\/argentina\/wp-json\/wp\/v2\/tags?post=2103"}],"curies":[{"name":"wp","href":"https:\/\/api.w.org\/{rel}","templated":true}]}}