{"id":21035,"date":"2014-12-12T09:29:33","date_gmt":"2014-12-12T12:29:33","guid":{"rendered":"http:\/\/argentinamunicipal.com.ar\/argentina\/?p=21035"},"modified":"2014-12-12T09:29:33","modified_gmt":"2014-12-12T12:29:33","slug":"crece-el-servicio-de-mototaxi-en-parana-realizan-hasta-100-viajes-diarios","status":"publish","type":"post","link":"http:\/\/argentinamunicipal.com.ar\/argentina\/crece-el-servicio-de-mototaxi-en-parana-realizan-hasta-100-viajes-diarios\/","title":{"rendered":"Crece el servicio de mototaxi en Paran\u00e1: Realizan hasta 100 viajes diarios"},"content":{"rendered":"<p><a href=\"http:\/\/argentinamunicipal.com.ar\/argentina\/wp-content\/uploads\/2014\/12\/319.jpg\"><img loading=\"lazy\" decoding=\"async\" class=\"aligncenter  wp-image-21036\" src=\"http:\/\/argentinamunicipal.com.ar\/argentina\/wp-content\/uploads\/2014\/12\/319.jpg\" alt=\"319\" width=\"542\" height=\"361\" srcset=\"http:\/\/argentinamunicipal.com.ar\/argentina\/wp-content\/uploads\/2014\/12\/319.jpg 960w, http:\/\/argentinamunicipal.com.ar\/argentina\/wp-content\/uploads\/2014\/12\/319-300x200.jpg 300w\" sizes=\"auto, (max-width: 542px) 100vw, 542px\" \/><\/a><\/p>\n<p>Hace un a\u00f1o, la iniciativa gener\u00f3 pol\u00e9mica, pero hoy el servicio de mototaxi crece debido a su calidad y lo econ\u00f3mico de las tarifas. Un viaje dentro de bulevares sale $18, supo Elonce TV.<\/p>\n<p>La llegada de un nuevo servicio de transporte desat\u00f3 la pol\u00e9mica en la capital entrerriana, dado que gener\u00f3 rechazo en algunos sectores, principalmente en la competencia (los taxistas), y se llev\u00f3 varias cr\u00edticas respecto a condiciones de seguridad e higiene, habilitaciones y dem\u00e1s. Lo cierto es que a un a\u00f1o de la implementaci\u00f3n del servicio de mototaxi en Paran\u00e1, la actividad es un \u00e9xito y se realizan hasta 100 viajes diarios.<\/p>\n<p>\u201cDesde hace un a\u00f1o que estamos trabajando, y dado que esto es una innovaci\u00f3n a nivel nacional, de a poquito vamos creciendo y la gente nos va conociendo\u201d, coment\u00f3 a Elonce TV, Horacio Gurali, responsable de MotoTaxi Paran\u00e1. \u201cOfrecemos un buen servicio en cadeter\u00eda, y de a poquito, se ampl\u00eda hacia el transporte de pasajeros\u201d, agreg\u00f3.<\/p>\n<p>Consultado sobre la cantidad de viajes que realizan, \u00e9ste confirm\u00f3 orgulloso: \u201cLlegamos a hacer 100 viajes diarios, pero todo depende de la fecha\u201d.<\/p>\n<p>Actualmente, MotoTaxi Paran\u00e1 cuenta con cuatro motos que son de la empresa y dos de \u00e9stas est\u00e1n ploteadas con el logo identificatorio. En total, son 20 los chicos que prestan su servicio para la firma en calidad de socios, no como empleados, ya que trabajan con motoveh\u00edculos de terceros y abonan un canon diario a la empresa.<\/p>\n<p>\u201cLos usuarios eligen el servicio por la agilidad que tiene la mototaxi, y otro es la econom\u00eda respecto a la tarifa\u201d, fundament\u00f3 Gurali. Es que dentro de bulevares, la tarifa fija es de 18 pesos; mientras que por fuera de bulevares, asciende a 23 pesos en la segunda zona y a 35 en la tercera zona por calles Caputto, Laurencena y dem\u00e1s l\u00edmites de la ciudad.<\/p>\n<p>La empresa le provee al usuario del casco reglamentario y todos los rodados cuentan con el seguro correspondiente. Los conductores usan el chaleco que los identifica como prestadores del servicio de mototaxi.<\/p>\n<p>\u201cCuando surgi\u00f3 la iniciativa pens\u00e1bamos y est\u00e1bamos seguros que iba a andar\u201d, record\u00f3 Gurali. \u201cSi bien es algo nuevo para Paran\u00e1 y la gente es reticente a lo novedoso, por el servicio que brindamos nos est\u00e1 yendo muy bien\u201d, finaliz\u00f3 el responsable de MotoTaxi Paran\u00e1.<\/p>\n<h6>Fuente: El Once<\/h6>\n","protected":false},"excerpt":{"rendered":"<p>Hace un a\u00f1o, la iniciativa gener\u00f3 pol\u00e9mica, pero hoy el servicio de mototaxi crece debido a su calidad y lo econ\u00f3mico de las tarifas. Un viaje dentro de bulevares sale $18, supo Elonce TV. La llegada de un nuevo servicio de transporte desat\u00f3 la pol\u00e9mica en la capital entrerriana, dado que gener\u00f3 rechazo en algunos<\/p>\n","protected":false},"author":2,"featured_media":21036,"comment_status":"closed","ping_status":"closed","sticky":false,"template":"","format":"standard","meta":{"footnotes":""},"categories":[2],"tags":[17],"class_list":["post-21035","post","type-post","status-publish","format-standard","has-post-thumbnail","hentry","category-informe-municipal","tag-entre-rios"],"_links":{"self":[{"href":"http:\/\/argentinamunicipal.com.ar\/argentina\/wp-json\/wp\/v2\/posts\/21035","targetHints":{"allow":["GET"]}}],"collection":[{"href":"http:\/\/argentinamunicipal.com.ar\/argentina\/wp-json\/wp\/v2\/posts"}],"about":[{"href":"http:\/\/argentinamunicipal.com.ar\/argentina\/wp-json\/wp\/v2\/types\/post"}],"author":[{"embeddable":true,"href":"http:\/\/argentinamunicipal.com.ar\/argentina\/wp-json\/wp\/v2\/users\/2"}],"replies":[{"embeddable":true,"href":"http:\/\/argentinamunicipal.com.ar\/argentina\/wp-json\/wp\/v2\/comments?post=21035"}],"version-history":[{"count":0,"href":"http:\/\/argentinamunicipal.com.ar\/argentina\/wp-json\/wp\/v2\/posts\/21035\/revisions"}],"wp:featuredmedia":[{"embeddable":true,"href":"http:\/\/argentinamunicipal.com.ar\/argentina\/wp-json\/wp\/v2\/media\/21036"}],"wp:attachment":[{"href":"http:\/\/argentinamunicipal.com.ar\/argentina\/wp-json\/wp\/v2\/media?parent=21035"}],"wp:term":[{"taxonomy":"category","embeddable":true,"href":"http:\/\/argentinamunicipal.com.ar\/argentina\/wp-json\/wp\/v2\/categories?post=21035"},{"taxonomy":"post_tag","embeddable":true,"href":"http:\/\/argentinamunicipal.com.ar\/argentina\/wp-json\/wp\/v2\/tags?post=21035"}],"curies":[{"name":"wp","href":"https:\/\/api.w.org\/{rel}","templated":true}]}}