{"id":21050,"date":"2014-12-12T09:44:50","date_gmt":"2014-12-12T12:44:50","guid":{"rendered":"http:\/\/argentinamunicipal.com.ar\/argentina\/?p=21050"},"modified":"2014-12-12T09:44:50","modified_gmt":"2014-12-12T12:44:50","slug":"este-viernes-habra-un-acto-por-los-45-anos-del-tunel-subfluvial","status":"publish","type":"post","link":"http:\/\/argentinamunicipal.com.ar\/argentina\/este-viernes-habra-un-acto-por-los-45-anos-del-tunel-subfluvial\/","title":{"rendered":"Este viernes habr\u00e1 un acto por los 45 a\u00f1os del T\u00fanel Subfluvial"},"content":{"rendered":"<p><a href=\"http:\/\/argentinamunicipal.com.ar\/argentina\/wp-content\/uploads\/2014\/12\/e_1400183388.jpg\"><img loading=\"lazy\" decoding=\"async\" class=\"alignright size-full wp-image-21051\" src=\"http:\/\/argentinamunicipal.com.ar\/argentina\/wp-content\/uploads\/2014\/12\/e_1400183388.jpg\" alt=\"e_1400183388\" width=\"432\" height=\"324\" srcset=\"http:\/\/argentinamunicipal.com.ar\/argentina\/wp-content\/uploads\/2014\/12\/e_1400183388.jpg 432w, http:\/\/argentinamunicipal.com.ar\/argentina\/wp-content\/uploads\/2014\/12\/e_1400183388-300x225.jpg 300w\" sizes=\"auto, (max-width: 432px) 100vw, 432px\" \/><\/a>El prop\u00f3sito del acto es realzar la importancia estrat\u00e9gica del viaducto y reivindicar a aquellos hombres y mujeres que hicieron posible la realizaci\u00f3n de esta obra; particularmente a Carlos Sylvestre Begnis y a Ra\u00fal Uranga.<\/p>\n<p>A las 20 se realizar\u00e1 en el Centro Comercial e Industrial de la ciudad de Paran\u00e1 (calle 25 de mayo 28) el acto conmemorativo por el 45\u00b0 aniversario de la inauguraci\u00f3n del T\u00fanel Subfluvial \u00abUranga-Sylvestre Begnis\u00bb.<\/p>\n<p>El prop\u00f3sito del acto es realzar la importancia estrat\u00e9gica del viaducto y reivindicar a aquellos hombres y mujeres que hicieron posible la realizaci\u00f3n de esta obra. Particularmente, se rendir\u00e1 homenaje a Carlos Sylvestre Begnis y a Ra\u00fal Uranga, quienes gobernaron entre 1958 y 1962 las provincias de Santa Fe y Entre R\u00edos, respectivamente, y fueron los principales impulsores de la construcci\u00f3n del T\u00fanel, en el contexto del mandato constitucional del Presidente Arturo Frondizi, quien a nivel nacional impulsaba su programa de desarrollo, paz social y legalidad para todos.<\/p>\n<h3>Entre los disertantes estar\u00e1n:<\/h3>\n<p>&#8211; H\u00e9ctor C\u00e9sar Sauret, Rector de la Universidad de Concepci\u00f3n del Uruguay<br \/>\n&#8211; Mario Alarc\u00f3n Mu\u00f1iz, ex Diputado Provincial por Entre R\u00edos (1963-1966)<br \/>\n&#8211; Marciano Mart\u00ednez, ex Convencional Provincial Constituyente de Entre R\u00edos<br \/>\n&#8211; Erwin Zwienner, ex director del Ente Interprovincial del T\u00fanel Subfluvial por Santa Fe<\/p>\n<p>La coordinaci\u00f3n del evento estar\u00e1 a cargo del vicepresidente de FUNDER, Francisco Uranga.<\/p>\n<h6>Fuente: El Once<\/h6>\n","protected":false},"excerpt":{"rendered":"<p>El prop\u00f3sito del acto es realzar la importancia estrat\u00e9gica del viaducto y reivindicar a aquellos hombres y mujeres que hicieron posible la realizaci\u00f3n de esta obra; particularmente a Carlos Sylvestre Begnis y a Ra\u00fal Uranga. A las 20 se realizar\u00e1 en el Centro Comercial e Industrial de la ciudad de Paran\u00e1 (calle 25 de mayo<\/p>\n","protected":false},"author":2,"featured_media":21051,"comment_status":"closed","ping_status":"closed","sticky":false,"template":"","format":"standard","meta":{"footnotes":""},"categories":[2],"tags":[17,10],"class_list":["post-21050","post","type-post","status-publish","format-standard","has-post-thumbnail","hentry","category-informe-municipal","tag-entre-rios","tag-santa-fe"],"_links":{"self":[{"href":"http:\/\/argentinamunicipal.com.ar\/argentina\/wp-json\/wp\/v2\/posts\/21050","targetHints":{"allow":["GET"]}}],"collection":[{"href":"http:\/\/argentinamunicipal.com.ar\/argentina\/wp-json\/wp\/v2\/posts"}],"about":[{"href":"http:\/\/argentinamunicipal.com.ar\/argentina\/wp-json\/wp\/v2\/types\/post"}],"author":[{"embeddable":true,"href":"http:\/\/argentinamunicipal.com.ar\/argentina\/wp-json\/wp\/v2\/users\/2"}],"replies":[{"embeddable":true,"href":"http:\/\/argentinamunicipal.com.ar\/argentina\/wp-json\/wp\/v2\/comments?post=21050"}],"version-history":[{"count":0,"href":"http:\/\/argentinamunicipal.com.ar\/argentina\/wp-json\/wp\/v2\/posts\/21050\/revisions"}],"wp:featuredmedia":[{"embeddable":true,"href":"http:\/\/argentinamunicipal.com.ar\/argentina\/wp-json\/wp\/v2\/media\/21051"}],"wp:attachment":[{"href":"http:\/\/argentinamunicipal.com.ar\/argentina\/wp-json\/wp\/v2\/media?parent=21050"}],"wp:term":[{"taxonomy":"category","embeddable":true,"href":"http:\/\/argentinamunicipal.com.ar\/argentina\/wp-json\/wp\/v2\/categories?post=21050"},{"taxonomy":"post_tag","embeddable":true,"href":"http:\/\/argentinamunicipal.com.ar\/argentina\/wp-json\/wp\/v2\/tags?post=21050"}],"curies":[{"name":"wp","href":"https:\/\/api.w.org\/{rel}","templated":true}]}}