{"id":21080,"date":"2014-12-13T08:48:19","date_gmt":"2014-12-13T11:48:19","guid":{"rendered":"http:\/\/argentinamunicipal.com.ar\/argentina\/?p=21080"},"modified":"2014-12-13T08:48:19","modified_gmt":"2014-12-13T11:48:19","slug":"este-lunes-se-entregan-569-nuevas-viviendas-del-iapv-en-parana-y-colonia-avellaneda","status":"publish","type":"post","link":"http:\/\/argentinamunicipal.com.ar\/argentina\/este-lunes-se-entregan-569-nuevas-viviendas-del-iapv-en-parana-y-colonia-avellaneda\/","title":{"rendered":"Este lunes se entregan 569 nuevas viviendas del IAPV en Paran\u00e1 y Colonia Avellaneda."},"content":{"rendered":"<p><a href=\"http:\/\/argentinamunicipal.com.ar\/argentina\/wp-content\/uploads\/2014\/12\/barriobarrio.jpg_2069580699.jpg\"><img loading=\"lazy\" decoding=\"async\" class=\"aligncenter  wp-image-21081\" src=\"http:\/\/argentinamunicipal.com.ar\/argentina\/wp-content\/uploads\/2014\/12\/barriobarrio.jpg_2069580699.jpg\" alt=\"barriobarrio.jpg_2069580699\" width=\"650\" height=\"433\" srcset=\"http:\/\/argentinamunicipal.com.ar\/argentina\/wp-content\/uploads\/2014\/12\/barriobarrio.jpg_2069580699.jpg 761w, http:\/\/argentinamunicipal.com.ar\/argentina\/wp-content\/uploads\/2014\/12\/barriobarrio.jpg_2069580699-300x199.jpg 300w\" sizes=\"auto, (max-width: 650px) 100vw, 650px\" \/><\/a><br \/>\nLas viviendas se construyeron en el marco del Programa Federal Techo Digno el gobierno de Entre R\u00edos a trav\u00e8s del IAPV en Paran\u00e1 y Colonia Avellaneda.<\/p>\n<p>En el marco del Programa Federal Techo Digno el gobierno de Entre R\u00edos, a trav\u00e9s del Instituto Aut\u00e1rquico de Planeamiento y Vivienda (IAPV) entregar\u00e1 este lunes 569 nuevas viviendas que el organismo ejecut\u00f3 en la ciudad de Paran\u00e1 y en la localidad de Colonia Avellaneda.<\/p>\n<p>La ceremonia de entrega de las nuevas unidades habitacionales dar\u00e1 comienzo a las 9,30 en Avenida Zanni y Juan B. Justo con las 199 viviendas pertenecientes al Sindicato de Comercio de Paran\u00e1. Luego el acto continuar\u00e1 a las 12 en Newbery y Garrig\u00f3 con las 170 viviendas y la jornada culminar\u00e1 con la habilitaci\u00f3n de 200 viviendas del sector III en Colonia Avellaneda a realizarse a las 17.<\/p>\n<p>Desde el organismo provincial se solicita que los adjudicatarios est\u00e9n una hora antes del comienzo en cada grupo habitacional que se dejar\u00e1 inaugurado.<\/p>\n<h6>Fuente: Uno, Entre R\u00edos<\/h6>\n","protected":false},"excerpt":{"rendered":"<p>Las viviendas se construyeron en el marco del Programa Federal Techo Digno el gobierno de Entre R\u00edos a trav\u00e8s del IAPV en Paran\u00e1 y Colonia Avellaneda. En el marco del Programa Federal Techo Digno el gobierno de Entre R\u00edos, a trav\u00e9s del Instituto Aut\u00e1rquico de Planeamiento y Vivienda (IAPV) entregar\u00e1 este lunes 569 nuevas viviendas<\/p>\n","protected":false},"author":2,"featured_media":21081,"comment_status":"closed","ping_status":"closed","sticky":false,"template":"","format":"standard","meta":{"footnotes":""},"categories":[2],"tags":[17],"class_list":["post-21080","post","type-post","status-publish","format-standard","has-post-thumbnail","hentry","category-informe-municipal","tag-entre-rios"],"_links":{"self":[{"href":"http:\/\/argentinamunicipal.com.ar\/argentina\/wp-json\/wp\/v2\/posts\/21080","targetHints":{"allow":["GET"]}}],"collection":[{"href":"http:\/\/argentinamunicipal.com.ar\/argentina\/wp-json\/wp\/v2\/posts"}],"about":[{"href":"http:\/\/argentinamunicipal.com.ar\/argentina\/wp-json\/wp\/v2\/types\/post"}],"author":[{"embeddable":true,"href":"http:\/\/argentinamunicipal.com.ar\/argentina\/wp-json\/wp\/v2\/users\/2"}],"replies":[{"embeddable":true,"href":"http:\/\/argentinamunicipal.com.ar\/argentina\/wp-json\/wp\/v2\/comments?post=21080"}],"version-history":[{"count":0,"href":"http:\/\/argentinamunicipal.com.ar\/argentina\/wp-json\/wp\/v2\/posts\/21080\/revisions"}],"wp:featuredmedia":[{"embeddable":true,"href":"http:\/\/argentinamunicipal.com.ar\/argentina\/wp-json\/wp\/v2\/media\/21081"}],"wp:attachment":[{"href":"http:\/\/argentinamunicipal.com.ar\/argentina\/wp-json\/wp\/v2\/media?parent=21080"}],"wp:term":[{"taxonomy":"category","embeddable":true,"href":"http:\/\/argentinamunicipal.com.ar\/argentina\/wp-json\/wp\/v2\/categories?post=21080"},{"taxonomy":"post_tag","embeddable":true,"href":"http:\/\/argentinamunicipal.com.ar\/argentina\/wp-json\/wp\/v2\/tags?post=21080"}],"curies":[{"name":"wp","href":"https:\/\/api.w.org\/{rel}","templated":true}]}}