{"id":21120,"date":"2014-12-13T09:42:05","date_gmt":"2014-12-13T12:42:05","guid":{"rendered":"http:\/\/argentinamunicipal.com.ar\/argentina\/?p=21120"},"modified":"2014-12-13T09:42:05","modified_gmt":"2014-12-13T12:42:05","slug":"destacan-el-nivel-de-informacion-que-los-jovenes-exhibieron-en-la-cumbre-social-del-mercosur","status":"publish","type":"post","link":"http:\/\/argentinamunicipal.com.ar\/argentina\/destacan-el-nivel-de-informacion-que-los-jovenes-exhibieron-en-la-cumbre-social-del-mercosur\/","title":{"rendered":"Destacan el nivel de informaci\u00f3n que los j\u00f3venes exhibieron en la Cumbre Social del Mercosur"},"content":{"rendered":"<p><a href=\"http:\/\/argentinamunicipal.com.ar\/argentina\/wp-content\/uploads\/2014\/12\/jovenes-protesta.jpg\"><img loading=\"lazy\" decoding=\"async\" class=\"aligncenter size-full wp-image-21121\" src=\"http:\/\/argentinamunicipal.com.ar\/argentina\/wp-content\/uploads\/2014\/12\/jovenes-protesta.jpg\" alt=\"jovenes-protesta\" width=\"650\" height=\"365\" srcset=\"http:\/\/argentinamunicipal.com.ar\/argentina\/wp-content\/uploads\/2014\/12\/jovenes-protesta.jpg 650w, http:\/\/argentinamunicipal.com.ar\/argentina\/wp-content\/uploads\/2014\/12\/jovenes-protesta-300x168.jpg 300w\" sizes=\"auto, (max-width: 650px) 100vw, 650px\" \/><\/a><br \/>\nLo resalt\u00f3 el coordinador nacional de Comunicaci\u00f3n Social del Mercosur, Carlos Borgna. El especialista consider\u00f3 que \u201cse ve que los movimientos sociales no se han dormido, han estado trabajando en la formaci\u00f3n y aqu\u00ed est\u00e1n los resultados\u201d.<\/p>\n<p>El coordinador nacional de la Reuni\u00f3n Especializada de Comunicaci\u00f3n Social del Mercosur, Carlos Borgna se\u00f1al\u00f3 que en los debates de la Cumbre Social se escuch\u00f3 \u201cla necesidad muy fuerte\u201d de que el bloque regional brinde un marco de institucionalidad a la soberan\u00eda tecnol\u00f3gica y al software libre que permita un intercambio entre los pa\u00edses miembros. \u201cTengo una evaluaci\u00f3n absolutamente positiva, no solamente de la Cumbre, sino en perspectiva de lo que fue Mendoza, hay una enorme evoluci\u00f3n en el nivel de participaci\u00f3n de la gente joven\u201d, se\u00f1al\u00f3 Borgna.<\/p>\n<p>\u201cEso &#8211; analiz\u00f3 &#8211; habla de un proceso. Evidentemente los movimientos sociales y pol\u00edticos no se han dormido, han estado trabajando en la formaci\u00f3n de sus militantes y dirigente y aqu\u00ed est\u00e1n los resultados. El nivel de discusi\u00f3n, de respeto, de aporte es una de las cosas que m\u00e1s me llama la atenci\u00f3n\u201d, sostuvo.<\/p>\n<p><strong>DOS NIVELES. <\/strong><\/p>\n<p>Borgna tambi\u00e9n hizo notar que en los dos d\u00edas que dur\u00f3 la Cumbre Social del Mercosur, hubo dos niveles de trabajo. El primer d\u00eda, el jueves, se discutieron \u201cejes conceptuales, tem\u00e1ticas que ameritan un forma de abordar la cuesti\u00f3n con procesos de reflexi\u00f3n m\u00e1s ideol\u00f3gicos, m\u00e1s pol\u00edticos\u201d. En tanto, el segundo d\u00eda, ayer viernes, \u201cse avanz\u00f3 con lo de elaborar propuestas concretas que tiene la paradoja que nos cuesta mucho bajar del mundo de las ideas, de las intenciones a lo pr\u00e1ctico y posible para el a\u00f1o que viene\u201d, expres\u00f3. Consultado acerca de las tem\u00e1ticas que quedaron planteadas para seguir trabajando en posteriores encuentros, el comunicador se\u00f1al\u00f3 como una de ellas, la cuesti\u00f3n de \u201clas nuevas tecnolog\u00edas\u201d. \u201cHay una necesidad muy fuerte de la gente que trabaja en soberan\u00eda tecnol\u00f3gica y software libre de que tenga institucionalidad del Mercosur, que eso se exprese en una estructura, en un instituto, que permita acciones de los presidentes de manera bilateral o de un pa\u00eds en particular se traslade al bloque\u201d, explic\u00f3 a la Agencia Apf. Borgna mencion\u00f3 a \u201clas capacitaciones y la formaci\u00f3n de los integrantes de las organizaciones\u201d como una acci\u00f3n fundamental en este escenario mundial. Seguidamente, puso el acento en dos sujetos sociales que consider\u00f3 \u201cclave\u201d para protagonizar este proceso: \u201cLos j\u00f3venes y los sectores populares\u201d. \u201cEs importante que se apropien de las nuevas tecnolog\u00edas porque si no siempre ser\u00e1n dependientes de un tercero\u201d, opin\u00f3. Para concluir, el coordinador nacional de la Reuni\u00f3n Especializada de Comunicaci\u00f3n Social del Mercosur, manifest\u00f3 que \u201cexiste una fuerte preocupaci\u00f3n\u201d porque el bloque \u201ctenga su pol\u00edtica de comunicaci\u00f3n de car\u00e1cter institucional\u201d. Sobre este punto, consider\u00f3 que \u201cla difusi\u00f3n, la producci\u00f3n y la capacitaci\u00f3n juegan un rol importante pero en el marco de una construcci\u00f3n en red. No podemos pensar la cuesti\u00f3n fraccionada, tiene que estar inserto en un proceso integral, de largo plazo y de car\u00e1cter regional\u201d, finaliz\u00f3 Borgna.<\/p>\n<h3>\u201cHoy podemos hablar con nuestras propias voces\u201d<\/h3>\n<p>As\u00ed lo resalt\u00f3 Roberto Sandoval, integrante del colectivo Encuentro Nacional de Organizaciones Territoriales y Pueblos Originarios. Por su parte, Miguel Casimiro, delegado de la organizaci\u00f3n Red del Pueblo Atacama se\u00f1al\u00f3 que \u201cno hay un proceso de avance significativo\u201d en el cumplimiento de los derechos de los pueblos originarios de Argentina. Por eso, dej\u00f3 en claro que es necesario pedirle a los presidentes del Mercosur que sus estados provinciales concreten \u201cla restituci\u00f3n de los territorios\u201d a las comunidades. \u201cHay un avance muy lento y muy pausado en el proceso del cumplimiento del derecho y la reglamentaci\u00f3n de los derechos. Porque hay un marco bien amplio de reconocimiento pero no est\u00e1n reglamentados y al no estarlo no se avanza, no hay un proceso de avance significativo\u201d, se explay\u00f3 Casimiro. En consecuencia, \u201ctenemos en los distintos pueblos, organizaciones y comunidades, muertes, avallasamiento sobre el territorio, desalojos\u201d. El salte\u00f1o agreg\u00f3 que por eso \u201cpedimos en esta cumbre que los Gobiernos miembros y asociados del Mercosur pongan \u00e9nfasis en la restituci\u00f3n de los territorios a los pueblos\u201d, pidi\u00f3 Casimiro y afirm\u00f3 que concretarlo es \u201cun aporte a la soberan\u00eda de los pa\u00edses\u201d.<\/p>\n<p><strong>DIFERENCIA.<\/strong><\/p>\n<p>El dirigente diferenci\u00f3 al Gobierno nacional de los Gobiernos provinciales a la hora de hablar de \u201cvoluntad pol\u00edtica\u201d para concretar logros en materia de derechos. \u201cLos Estados provinciales tienen facultades sobre sus territorios que tambi\u00e9n son de los pueblos originarios. Las provincias est\u00e1n instaladas en nuestros territorios desde hace 200 a\u00f1os. Se han sancionado una serie de leyes pero tenemos provincias muy feudales\u201d, dijo Casimiro. Ante la pregunta de la agencia Apf , dijo que ese escenario se revierte \u201ccon militancia, con preservaci\u00f3n de los pueblos, con trabajo ya que somos actores sociales que hemos pagado la deuda por doble v\u00eda: con nuestro territorio y con nuestro impuesto. Hemos sido saqueados\u201d, complet\u00f3. A su turno, Roberto Sandoval, representante ante el Consejo de Participaci\u00f3n Ind\u00edgena de la mesa nacional y componente de Encuentro Nacional de organizaciones territoriales y pueblos originarios, \u201crepresentando a 35 organizaciones y 32 pueblos con m\u00e1s de 1400 comunidades\u201d; aludi\u00f3 a la \u201cpreexistencia\u201d de los pueblos originarios. \u201cEso nos da derechos concretos\u201d, afirm\u00f3 para remarcar la necesidad de \u201cla visibilizaci\u00f3n y reconocimiento de los pueblos\u201d los cuales poseen \u201cespacio, tiempo y cultura\u201d.<\/p>\n<p>\u201cHoy hablamos con nuestras propias voces, mientras que hace un tiempo atr\u00e1s hab\u00eda quienes hablaban impunemente en nombre de nuestros pueblos\u201d, distingui\u00f3 el referente y consider\u00f3 \u00e9ste \u201cun tiempo nuevo, un tiempo de lucha. Creemos que estamos en revoluci\u00f3n firmemente por la identidad, los pueblos van floreciendo y se van haciendo grandes\u201d agreg\u00f3 Sandoval. Acto seguido, dirigiendo la mirada a los presentes expres\u00f3 que \u201clos presidentes latinoamericanos que sesionar\u00e1n en Paran\u00e1 la pr\u00f3xima semana deben reconocer el derecho a sus pueblos preexistentes de sus tierras. Hacemos hincapi\u00e9 en Uruguay donde el canciller pidi\u00f3 perd\u00f3n del exterminio del pueblo charr\u00faa y no es tan as\u00ed. Muchas veces consensuar el exterminio significa no hacerse cargo de lo que hay y ning\u00fan pueblo puede vivir sin su identidad\u201d, concluy\u00f3.<\/p>\n<h6>Fuente: El Diario de Entre R\u00edos<\/h6>\n","protected":false},"excerpt":{"rendered":"<p>Lo resalt\u00f3 el coordinador nacional de Comunicaci\u00f3n Social del Mercosur, Carlos Borgna. El especialista consider\u00f3 que \u201cse ve que los movimientos sociales no se han dormido, han estado trabajando en la formaci\u00f3n y aqu\u00ed est\u00e1n los resultados\u201d. El coordinador nacional de la Reuni\u00f3n Especializada de Comunicaci\u00f3n Social del Mercosur, Carlos Borgna se\u00f1al\u00f3 que en los<\/p>\n","protected":false},"author":2,"featured_media":21121,"comment_status":"closed","ping_status":"closed","sticky":false,"template":"","format":"standard","meta":{"footnotes":""},"categories":[8],"tags":[17],"class_list":["post-21120","post","type-post","status-publish","format-standard","has-post-thumbnail","hentry","category-informe-nacional","tag-entre-rios"],"_links":{"self":[{"href":"http:\/\/argentinamunicipal.com.ar\/argentina\/wp-json\/wp\/v2\/posts\/21120","targetHints":{"allow":["GET"]}}],"collection":[{"href":"http:\/\/argentinamunicipal.com.ar\/argentina\/wp-json\/wp\/v2\/posts"}],"about":[{"href":"http:\/\/argentinamunicipal.com.ar\/argentina\/wp-json\/wp\/v2\/types\/post"}],"author":[{"embeddable":true,"href":"http:\/\/argentinamunicipal.com.ar\/argentina\/wp-json\/wp\/v2\/users\/2"}],"replies":[{"embeddable":true,"href":"http:\/\/argentinamunicipal.com.ar\/argentina\/wp-json\/wp\/v2\/comments?post=21120"}],"version-history":[{"count":0,"href":"http:\/\/argentinamunicipal.com.ar\/argentina\/wp-json\/wp\/v2\/posts\/21120\/revisions"}],"wp:featuredmedia":[{"embeddable":true,"href":"http:\/\/argentinamunicipal.com.ar\/argentina\/wp-json\/wp\/v2\/media\/21121"}],"wp:attachment":[{"href":"http:\/\/argentinamunicipal.com.ar\/argentina\/wp-json\/wp\/v2\/media?parent=21120"}],"wp:term":[{"taxonomy":"category","embeddable":true,"href":"http:\/\/argentinamunicipal.com.ar\/argentina\/wp-json\/wp\/v2\/categories?post=21120"},{"taxonomy":"post_tag","embeddable":true,"href":"http:\/\/argentinamunicipal.com.ar\/argentina\/wp-json\/wp\/v2\/tags?post=21120"}],"curies":[{"name":"wp","href":"https:\/\/api.w.org\/{rel}","templated":true}]}}