{"id":21139,"date":"2014-12-15T08:46:06","date_gmt":"2014-12-15T11:46:06","guid":{"rendered":"http:\/\/argentinamunicipal.com.ar\/argentina\/?p=21139"},"modified":"2014-12-15T08:46:06","modified_gmt":"2014-12-15T11:46:06","slug":"llego-chascomus-el-primer-tren-0-km-que-unira-esta-ciudad-con-capital-federal","status":"publish","type":"post","link":"http:\/\/argentinamunicipal.com.ar\/argentina\/llego-chascomus-el-primer-tren-0-km-que-unira-esta-ciudad-con-capital-federal\/","title":{"rendered":"LLego a Chascom\u00fas\u00a0el primer tren 0 km que unir\u00e1 a \u00e9sta ciudad con Capital Federal\u00a0"},"content":{"rendered":"<p><a href=\"http:\/\/argentinamunicipal.com.ar\/argentina\/wp-content\/uploads\/2014\/12\/20141213150205_unnamed.jpg\"><img loading=\"lazy\" decoding=\"async\" class=\"aligncenter size-full wp-image-21140\" src=\"http:\/\/argentinamunicipal.com.ar\/argentina\/wp-content\/uploads\/2014\/12\/20141213150205_unnamed.jpg\" alt=\"20141213150205_unnamed\" width=\"620\" height=\"340\" srcset=\"http:\/\/argentinamunicipal.com.ar\/argentina\/wp-content\/uploads\/2014\/12\/20141213150205_unnamed.jpg 620w, http:\/\/argentinamunicipal.com.ar\/argentina\/wp-content\/uploads\/2014\/12\/20141213150205_unnamed-300x164.jpg 300w\" sizes=\"auto, (max-width: 620px) 100vw, 620px\" \/><\/a><br \/>\nEl ministro del Interior y Transporte, Florencio Randazzo, visit\u00f3 hoy la localidad de Chascom\u00fas donde recibi\u00f3 el primer tren 0km que unir\u00e1 a esa ciudad con Capital Federal durante los fines de semana.<\/p>\n<p>El ministro del Interior y Transporte, Florencio Randazzo, visit\u00f3 hoy la localidad de Chascom\u00fas donde recibi\u00f3 el primer tren 0km que unir\u00e1 a esa ciudad con Capital Federal durante los fines de semana.<\/p>\n<p>Al recibir la formaci\u00f3n, Randazzo destac\u00f3 que \u201cla llegada del tren siempre implica progreso, un cambio profundo en el transporte de la poblaci\u00f3n\u201d.<\/p>\n<p>\u201cEl nuevo tren cuenta con la \u00faltima tecnolog\u00eda en seguridad y confort, y tiene un precio realmente accesible para ayudar al transporte de pasajeros en esta ciudad, tan pujante desde lo industrial y tur\u00edstico\u201d, a\u00f1adi\u00f3 el Ministro.<\/p>\n<p>Randazzo agreg\u00f3 que \u201caqu\u00ed en Chascom\u00fas, no s\u00f3lo hemos puesto este servicio 0km de lunes a viernes y ahora los fines de semana, sino que estamos finalizando la famosa Curva de Chascom\u00fas, una obra que fue so\u00f1ada y comenzada por el Dr. Ra\u00fal Alfons\u00edn en 1985\u201d.<\/p>\n<p>El Ministro de Transporte detall\u00f3 que \u201cen el marco de la recuperaci\u00f3n del tren a Mar del Plata que comenzar\u00e1 a correr la semana pr\u00f3xima, se cambi\u00f3 totalmente la traza en la ciudad, colocando 20km nuevos de v\u00eda y una nueva estaci\u00f3n ferroautomotor que vincula al tren con las l\u00edneas de colectivos locales\u201d.<\/p>\n<p>\u201cCon esta obra, se evitar\u00e1n 17 pasos a nivel incrementando la seguridad vial y mejorando los tiempos de viaje del tren que conectar\u00e1 a Chascom\u00fas con Buenos Aires y Mar del Plata\u201d, complet\u00f3 Radazzo.<\/p>\n<p>El Titular de Interior y Transporte destac\u00f3 que \u201cesta obra, anunciada hace 30 a\u00f1os, se completar\u00e1 en pocos d\u00edas m\u00e1s gracias a la decisi\u00f3n de la presidenta Cristina Fern\u00e1ndez de Kirchner de recuperar el ferrocarril a lo largo y ancho del pa\u00eds\u201d.<\/p>\n<p>\u201cAll\u00ed donde hubo un tren, volver\u00e1 a haber un tren\u201d, finaliz\u00f3 el Ministro Randazzo.<\/p>\n<h6>Fuente: InfoCielo<\/h6>\n","protected":false},"excerpt":{"rendered":"<p>El ministro del Interior y Transporte, Florencio Randazzo, visit\u00f3 hoy la localidad de Chascom\u00fas donde recibi\u00f3 el primer tren 0km que unir\u00e1 a esa ciudad con Capital Federal durante los fines de semana. El ministro del Interior y Transporte, Florencio Randazzo, visit\u00f3 hoy la localidad de Chascom\u00fas donde recibi\u00f3 el primer tren 0km que unir\u00e1<\/p>\n","protected":false},"author":2,"featured_media":21140,"comment_status":"closed","ping_status":"closed","sticky":false,"template":"","format":"standard","meta":{"footnotes":""},"categories":[2],"tags":[12],"class_list":["post-21139","post","type-post","status-publish","format-standard","has-post-thumbnail","hentry","category-informe-municipal","tag-buenos-aires"],"_links":{"self":[{"href":"http:\/\/argentinamunicipal.com.ar\/argentina\/wp-json\/wp\/v2\/posts\/21139","targetHints":{"allow":["GET"]}}],"collection":[{"href":"http:\/\/argentinamunicipal.com.ar\/argentina\/wp-json\/wp\/v2\/posts"}],"about":[{"href":"http:\/\/argentinamunicipal.com.ar\/argentina\/wp-json\/wp\/v2\/types\/post"}],"author":[{"embeddable":true,"href":"http:\/\/argentinamunicipal.com.ar\/argentina\/wp-json\/wp\/v2\/users\/2"}],"replies":[{"embeddable":true,"href":"http:\/\/argentinamunicipal.com.ar\/argentina\/wp-json\/wp\/v2\/comments?post=21139"}],"version-history":[{"count":0,"href":"http:\/\/argentinamunicipal.com.ar\/argentina\/wp-json\/wp\/v2\/posts\/21139\/revisions"}],"wp:featuredmedia":[{"embeddable":true,"href":"http:\/\/argentinamunicipal.com.ar\/argentina\/wp-json\/wp\/v2\/media\/21140"}],"wp:attachment":[{"href":"http:\/\/argentinamunicipal.com.ar\/argentina\/wp-json\/wp\/v2\/media?parent=21139"}],"wp:term":[{"taxonomy":"category","embeddable":true,"href":"http:\/\/argentinamunicipal.com.ar\/argentina\/wp-json\/wp\/v2\/categories?post=21139"},{"taxonomy":"post_tag","embeddable":true,"href":"http:\/\/argentinamunicipal.com.ar\/argentina\/wp-json\/wp\/v2\/tags?post=21139"}],"curies":[{"name":"wp","href":"https:\/\/api.w.org\/{rel}","templated":true}]}}