{"id":21148,"date":"2014-12-15T08:54:46","date_gmt":"2014-12-15T11:54:46","guid":{"rendered":"http:\/\/argentinamunicipal.com.ar\/argentina\/?p=21148"},"modified":"2014-12-15T08:54:46","modified_gmt":"2014-12-15T11:54:46","slug":"cordoba-provincia-y-7-municipios-elaboraran-un-master-plan-20-anos-para-sierras-chicas","status":"publish","type":"post","link":"http:\/\/argentinamunicipal.com.ar\/argentina\/cordoba-provincia-y-7-municipios-elaboraran-un-master-plan-20-anos-para-sierras-chicas\/","title":{"rendered":"C\u00f3rdoba: Provincia y 7 municipios elaborar\u00e1n un Master Plan a 20 a\u00f1os para Sierras Chicas"},"content":{"rendered":"<div id=\"attachment_21149\" style=\"width: 530px\" class=\"wp-caption alignleft\"><a href=\"http:\/\/argentinamunicipal.com.ar\/argentina\/wp-content\/uploads\/2014\/12\/189270_img.jpg\"><img loading=\"lazy\" decoding=\"async\" aria-describedby=\"caption-attachment-21149\" class=\"size-full wp-image-21149\" src=\"http:\/\/argentinamunicipal.com.ar\/argentina\/wp-content\/uploads\/2014\/12\/189270_img.jpg\" alt=\"Los intendentes de las Sieras Chicas se reunieron el viernes pasado con el ministro Fabi\u00e1n L\u00f3pez.\" width=\"520\" height=\"312\" srcset=\"http:\/\/argentinamunicipal.com.ar\/argentina\/wp-content\/uploads\/2014\/12\/189270_img.jpg 520w, http:\/\/argentinamunicipal.com.ar\/argentina\/wp-content\/uploads\/2014\/12\/189270_img-300x179.jpg 300w\" sizes=\"auto, (max-width: 520px) 100vw, 520px\" \/><\/a><p id=\"caption-attachment-21149\" class=\"wp-caption-text\">Los intendentes de las Sieras Chicas se reunieron el viernes pasado con el ministro Fabi\u00e1n L\u00f3pez.<\/p><\/div>\n<p>Participar\u00e1n los Ministerios de Agua y de Infraestructura, el Inplam y las siete intendencias m\u00e1s importantes.<\/p>\n<p>El ministro de Agua, Ambiente y Servicios P\u00fablicos, Fabi\u00e1n L\u00f3pez, y los intendentes de La Calera (Mar\u00eda Figueroa), Villa Allende (H\u00e9ctor Colombo), Unquillo (Germ\u00e1n L\u00f3pez), R\u00edo Ceballos (Sergio Spicogna), Mendiolaza (Daniel Salibi), Sald\u00e1n (Juan Carlos Saharatian) y Salsipuedes (Sergio Cornejo) se comprometieron el viernes pasado a elaborar en forma conjunta un Master Plan para el Desarrollo de las Sierras Chicas por los pr\u00f3ximos 20 a\u00f1os.<\/p>\n<p>Con ese fin, L\u00f3pez y los jefes comunales suscribir\u00e1n el lunes 22 de diciembre un acta acuerdo para poner en marcha las comisiones t\u00e9cnicas de trabajo del Master Plan. A las mismas se sumar\u00e1n representantes del Ministerio de Infraestructura y del Instituto de Planificaci\u00f3n del Area Metropolitana (Inplam) que coordina Guillermo Ir\u00f3s.<\/p>\n<p>Durante la extensa reuni\u00f3n, Fabi\u00e1n L\u00f3pez entreg\u00f3 el borrador con las sugerencias de los nuevos cupos de agua para cada una de las localidades que se abastecen de la planta potabilizadora de La Calera. Posteriormente, present\u00f3 a los jefes comunales el proyecto del Master Plan y luego los invit\u00f3 a sobrevolar en helic\u00f3ptero toda la regi\u00f3n.<\/p>\n<p>Los funcionarios locales pudieron observar desde el aire el explosivo crecimiento urban\u00edstico que han tenido las Sierras Chicas en la \u00faltima d\u00e9cada sin que existieran ordenanzas regulatorias que pusieran freno o redireccionaran las inversiones inmobiliarias que se hicieron sin que existieran servicios b\u00e1sicos plenamente desarrollados como agua, energ\u00eda el\u00e9ctrica, cloacas y gas natural.<\/p>\n<p>El lunes 22 los intendentes deber\u00e1n llevar la respuesta de cada municipio a las sugerencias sobre los nuevos cupos de agua que propuso el Ministerio y los t\u00e9cnicos que representar\u00e1n a cada jurisdicci\u00f3n en la elaboraci\u00f3n del Master Plan.<\/p>\n<p>En principio, el programa maestro para las Sierras Chicas previsto para los pr\u00f3ximos 20 a\u00f1os girar\u00e1 en torno a ocho ejes centrales: agua, gas, cloacas, transporte p\u00fablico, desag\u00fces pluviales, desarrollo vial, energ\u00eda el\u00e9ctrica y desarrollo urban\u00edstico. Sobre cada una de estas cuestiones se deber\u00e1n definir las obras municipales y provinciales a ejecutar en forma progresiva y complementaria y las ordenanzas regulatorias a sancionar por los diferentes Concejos Deliberantes.<\/p>\n<p>Este Master Plan de las Sierras Chicas conforma una de las aristas m\u00e1s importantes del Plan de Desarrollo para el Gran C\u00f3rdoba que impulsa la Provincia desde principos del corriente a\u00f1o.<\/p>\n<p>Los intendentes deber\u00e1n avanzar en forma paralela con la definici\u00f3n y posterior sanci\u00f3n de los respectivos C\u00f3digos de Edificaci\u00f3n que regular\u00e1n el futuro uso del suelo en cada localidad y en la regi\u00f3n en general.<\/p>\n<p>Si bien cada poblaci\u00f3n tiene caracter\u00edsticas geogr\u00e1ficas distintivas se intentar\u00e1 homogenizar los futuros loteos, con exigencias parecidas en cuanto a la posibilidad de construir nuevos barrios cerrados, complejos urban\u00edsticos y comerciales y viviendas particulares.<\/p>\n<p>Aunque los jefes comunales admitieron que el trabajo a ejecutar es complejo y presenta aristas pol\u00e9micas, tamb\u00ed\u00e9n coincidieron que la \u00fanica forma de poner orden al ca\u00f3tico desarrollo urban\u00edstico que ha tenido la regi\u00f3n es planificar las acciones dentro de un plan arm\u00f3nico y coherente.<\/p>\n<p>Desde el Inplam ya se viene trabajando desde hace m\u00e1s de 5 a\u00f1os en varios proyectos que vinculan las Sierras Chicas con la Capital cordobesa.<\/p>\n<p>Muchos de ellos seg\u00faramente se sumar\u00e1n al Master Plan y otros deber\u00e1n acomodarse en funci\u00f3n de las propuestas que eleven las diferencias intendencias.<\/p>\n<p>Si bien la regi\u00f3n re\u00fane a municipios administrados por el Justicialismo, el Frente C\u00edvico y el radicalismo, esas diferencias pol\u00edticas se dejar\u00edan de lado en pos de lograr el objetivo de ordenar la planificaci\u00f3n para las pr\u00f3ximas dos d\u00e9cadas de toda esta regi\u00f3n. La idea es preservar el ambiente, las zonas de monta\u00f1a y los recursos h\u00eddricos escasos que caracterizan a las Sierras Chicas.<\/p>\n<h6>Fuente: La Ma\u00f1ana de C\u00f3rdoba<\/h6>\n","protected":false},"excerpt":{"rendered":"<p>Participar\u00e1n los Ministerios de Agua y de Infraestructura, el Inplam y las siete intendencias m\u00e1s importantes. El ministro de Agua, Ambiente y Servicios P\u00fablicos, Fabi\u00e1n L\u00f3pez, y los intendentes de La Calera (Mar\u00eda Figueroa), Villa Allende (H\u00e9ctor Colombo), Unquillo (Germ\u00e1n L\u00f3pez), R\u00edo Ceballos (Sergio Spicogna), Mendiolaza (Daniel Salibi), Sald\u00e1n (Juan Carlos Saharatian) y Salsipuedes (Sergio<\/p>\n","protected":false},"author":2,"featured_media":21149,"comment_status":"closed","ping_status":"closed","sticky":false,"template":"","format":"standard","meta":{"footnotes":""},"categories":[2],"tags":[3],"class_list":["post-21148","post","type-post","status-publish","format-standard","has-post-thumbnail","hentry","category-informe-municipal","tag-cordoba"],"_links":{"self":[{"href":"http:\/\/argentinamunicipal.com.ar\/argentina\/wp-json\/wp\/v2\/posts\/21148","targetHints":{"allow":["GET"]}}],"collection":[{"href":"http:\/\/argentinamunicipal.com.ar\/argentina\/wp-json\/wp\/v2\/posts"}],"about":[{"href":"http:\/\/argentinamunicipal.com.ar\/argentina\/wp-json\/wp\/v2\/types\/post"}],"author":[{"embeddable":true,"href":"http:\/\/argentinamunicipal.com.ar\/argentina\/wp-json\/wp\/v2\/users\/2"}],"replies":[{"embeddable":true,"href":"http:\/\/argentinamunicipal.com.ar\/argentina\/wp-json\/wp\/v2\/comments?post=21148"}],"version-history":[{"count":0,"href":"http:\/\/argentinamunicipal.com.ar\/argentina\/wp-json\/wp\/v2\/posts\/21148\/revisions"}],"wp:featuredmedia":[{"embeddable":true,"href":"http:\/\/argentinamunicipal.com.ar\/argentina\/wp-json\/wp\/v2\/media\/21149"}],"wp:attachment":[{"href":"http:\/\/argentinamunicipal.com.ar\/argentina\/wp-json\/wp\/v2\/media?parent=21148"}],"wp:term":[{"taxonomy":"category","embeddable":true,"href":"http:\/\/argentinamunicipal.com.ar\/argentina\/wp-json\/wp\/v2\/categories?post=21148"},{"taxonomy":"post_tag","embeddable":true,"href":"http:\/\/argentinamunicipal.com.ar\/argentina\/wp-json\/wp\/v2\/tags?post=21148"}],"curies":[{"name":"wp","href":"https:\/\/api.w.org\/{rel}","templated":true}]}}