{"id":21157,"date":"2014-12-15T09:03:26","date_gmt":"2014-12-15T12:03:26","guid":{"rendered":"http:\/\/argentinamunicipal.com.ar\/argentina\/?p=21157"},"modified":"2014-12-15T09:03:26","modified_gmt":"2014-12-15T12:03:26","slug":"construiran-unidad-de-gestion-municipal-del-dvn-en-cipolletti","status":"publish","type":"post","link":"http:\/\/argentinamunicipal.com.ar\/argentina\/construiran-unidad-de-gestion-municipal-del-dvn-en-cipolletti\/","title":{"rendered":"Construir\u00e1n Unidad de Gesti\u00f3n Municipal del DVN en Cipolletti \u00a0"},"content":{"rendered":"<p><a href=\"http:\/\/argentinamunicipal.com.ar\/argentina\/wp-content\/uploads\/2014\/12\/contrato.jpg\"><img loading=\"lazy\" decoding=\"async\" class=\"alignright size-full wp-image-21158\" src=\"http:\/\/argentinamunicipal.com.ar\/argentina\/wp-content\/uploads\/2014\/12\/contrato.jpg\" alt=\"contrato\" width=\"460\" height=\"320\" srcset=\"http:\/\/argentinamunicipal.com.ar\/argentina\/wp-content\/uploads\/2014\/12\/contrato.jpg 460w, http:\/\/argentinamunicipal.com.ar\/argentina\/wp-content\/uploads\/2014\/12\/contrato-300x208.jpg 300w\" sizes=\"auto, (max-width: 460px) 100vw, 460px\" \/><\/a>El gobernador Alberto Weretilneck presidi\u00f3 ayer el acto de firma de contrato para la construcci\u00f3n de la Unidad de Gesti\u00f3n Municipal en el Distrito Vecinal Noreste (DVN) de Cipolletti.<\/p>\n<p>La obra, que demandar\u00e1 una inversi\u00f3n de $12.631.257, incluir\u00e1 una superficie de 548 metros cuadrados y se enmarca en las acciones de gobierno tendientes a fortalecer las capacidades municipales de gesti\u00f3n.<\/p>\n<p>Cabe destacar que con dicha finalidad, la Provincia de R\u00edo Negro ejecuta el programa de mejora de la Gesti\u00f3n Municipal con financiamiento del Banco Interamericano de Desarrollo (BID) dentro del se encuadra el plan de \u201cFortalecimiento del Distrito vecinal Noreste del Municipio de Cipolletti\u201d.<\/p>\n<p>En la oportunidad, el Mandatario estuvo acompa\u00f1ado por el ministro de Econom\u00eda, Alejandro Palmieri; la secretaria de Planificaci\u00f3n, Laura Perilli; la directora de la Unidad de Coordinaci\u00f3n y Ejecuci\u00f3n del Financiamiento Externo (UPCEFE), Magal\u00ed Pacioni y el diputado nacional Herman Avoscan.<\/p>\n<p>Durante su discurso, el Gobernador agradeci\u00f3 a los presentes y expuso: \u201cMuchos de los que estamos aqu\u00ed hemos trabajado y desarrollado juntos el proyecto del Distrito Vecinal; el cual tuvo muchos detractores y por eso, en lo personal, tengo un compromiso moral con quienes so\u00f1aron este proyecto, con quienes lo llevamos adelante y fundamentalmente con quienes viven en el lugar\u201d.<\/p>\n<p>Adem\u00e1s de hacer manifiesto su compromiso de continuar trabajando por el bienestar de la comunidad, destac\u00f3 la importancia de la obra, no s\u00f3lo por la inversi\u00f3n demandada, sino por la posibilidad de otorgar puestos de trabajaos a vecinos de la localidad.<\/p>\n<p>Tambi\u00e9n felicit\u00f3 a la UPCEFE y destac\u00f3 la labor del equipo municipal en la elaboraci\u00f3n del proyecto. Asimismo, destac\u00f3 los avances realizados en la zona a trav\u00e9s de las gestiones del Gobierno Provincial, entre las que destac\u00f3 la finalizaci\u00f3n de la primera etapa del tendido el\u00e9ctrico y alumbrado p\u00fablico por un monto de $1.748.820, la segunda etapa por un monto de $1.517.631 y la cuarta -en tr\u00e1mite de contrato- por un total de $ 813.438.<\/p>\n<p>Weretilneck anunci\u00f3 que est\u00e1 previsto que para el pr\u00f3ximo mes de febrero se llamar\u00e1 a licitaci\u00f3n para la quinta etapa del tendido el\u00e9ctrico y alumbrado, que demandar\u00e1 una inversi\u00f3n de $2.790.174, quedando pendientes la sexta y s\u00e9ptima etapa.<\/p>\n<p>\u201cA modo de dato tenemos que informar que hemos invertido un total de $4.495.889 en redes el\u00e9ctricas\u201d, indic\u00f3 y adelant\u00f3 que antes que termine el a\u00f1o est\u00e1 previsto inaugurar la obra de filtros r\u00e1pidos que demandar\u00e1 un monto de $2.543.174.<\/p>\n<p>\u201cEsta obra es la consolidaci\u00f3n definitiva del Distrito Vecinal porque el hecho de que el Estado est\u00e9 presente con una instituci\u00f3n, marca claramente la importancia que el mismo Estado le otorga al lugar\u201d, dijo e indic\u00f3 que si bien a\u00fan restan cuestiones por abordar, resulta una cuesti\u00f3n \u201cestrat\u00e9gica\u201d contar con un edificio municipal para los vecinos.<\/p>\n<p>A su turno, Palmieri explic\u00f3 la tarea y labor de la UPCEFE -dependiente del Ministerio a su cargo- y brind\u00f3 detalles de la firma del convenio. Al respecto, indic\u00f3 que desde el inicio de la gesti\u00f3n se incluy\u00f3 a los municipios interesados en presentar proyectos y calific\u00f3 a la obra en cuesti\u00f3n como una de las tantas acciones que desde el Gobierno se han ejecutado bajo dicha modalidad.<\/p>\n<p>\u201cTodos estos proyectos son 100% a cargo de la Provincia, sin ning\u00fan costo que deba enfrentar ning\u00fan Gobierno municipal\u201d, se\u00f1al\u00f3 y se refiri\u00f3 a los trabajos de actualizaci\u00f3n del c\u00f3digo de planeamiento urbano de San Antonio Oeste, a la obra del barrio Lavalle y la optimizaci\u00f3n de uso de trasporte p\u00fablico y tarifa interurbana en Viedma y al estudio de movilidad urbana sostenible en Bariloche.<\/p>\n<p>Para finalizar, adelant\u00f3 que est\u00e1 pr\u00f3ximo a lanzarse el Sistema de Administraci\u00f3n Financiera Municipal (SAFIM) y explic\u00f3 que desde la Provincia se va a financiar \u00edntegramente el desarrollo, dise\u00f1o e implementaci\u00f3n de sistemas de software de gesti\u00f3n financiera y contable municipal, replicando de este modo el sistema SAFIP, que ya tiene la provincia. El mismo beneficiar\u00e1 a siete Municipios rionegrinos.<\/p>\n<p>Finalmente, Laura Perilli brind\u00f3 detalles del edificio que se entregar\u00e1 totalmente equipado y se espera est\u00e9 inaugurado para finales del a\u00f1o pr\u00f3ximo. \u201cResulta algo sumamente emblem\u00e1tico poder contar con un edificio p\u00fablico que permite dar presencia al Municipio y al Estado provincial en el Distrito, para que de alg\u00fan modo la gente se apropie de \u00e9l\u201d, indic\u00f3.<\/p>\n<p>Asimismo, destac\u00f3 que al momento de elaborar el proyecto se pens\u00f3 en la importancia que el Estado llegue a los barrios con los mejores edificios \u201cporque es una forma de jerarquizar la presencia de lo p\u00fablico\u201d y agreg\u00f3 que \u201chay que integrar al Distrito con obras de infraestructura, con arterias, y con la presencia de edificios p\u00fablicos que permitan que la gente pueda hacer uso de los servicios con un nivel de cercan\u00eda\u201d.<\/p>\n<p>Cabe destacar que los 500 metros cuadrados cubiertos incluyen \u00e1reas de administraci\u00f3n, terraza y aulas con el objetivo que el espacio sea un lugar de integraci\u00f3n social. El predio cuenta adem\u00e1s con 1.000 metros de superficie descubierta, donde se proyecta la instalaci\u00f3n de playones deportivos y recreativos y 350 metros cuadrados destinados a estacionamiento.<\/p>\n<p>\u201cSe trata de un edificio jerarquizado, con dise\u00f1o arquitect\u00f3nico que va a aportar much\u00edsimo a la calidad urbana del sector\u201d, finaliz\u00f3.<\/p>\n<h6>Fuente: ADN<\/h6>\n","protected":false},"excerpt":{"rendered":"<p>El gobernador Alberto Weretilneck presidi\u00f3 ayer el acto de firma de contrato para la construcci\u00f3n de la Unidad de Gesti\u00f3n Municipal en el Distrito Vecinal Noreste (DVN) de Cipolletti. La obra, que demandar\u00e1 una inversi\u00f3n de $12.631.257, incluir\u00e1 una superficie de 548 metros cuadrados y se enmarca en las acciones de gobierno tendientes a fortalecer<\/p>\n","protected":false},"author":2,"featured_media":21158,"comment_status":"closed","ping_status":"closed","sticky":false,"template":"","format":"standard","meta":{"footnotes":""},"categories":[2],"tags":[11],"class_list":["post-21157","post","type-post","status-publish","format-standard","has-post-thumbnail","hentry","category-informe-municipal","tag-rio-negro"],"_links":{"self":[{"href":"http:\/\/argentinamunicipal.com.ar\/argentina\/wp-json\/wp\/v2\/posts\/21157","targetHints":{"allow":["GET"]}}],"collection":[{"href":"http:\/\/argentinamunicipal.com.ar\/argentina\/wp-json\/wp\/v2\/posts"}],"about":[{"href":"http:\/\/argentinamunicipal.com.ar\/argentina\/wp-json\/wp\/v2\/types\/post"}],"author":[{"embeddable":true,"href":"http:\/\/argentinamunicipal.com.ar\/argentina\/wp-json\/wp\/v2\/users\/2"}],"replies":[{"embeddable":true,"href":"http:\/\/argentinamunicipal.com.ar\/argentina\/wp-json\/wp\/v2\/comments?post=21157"}],"version-history":[{"count":0,"href":"http:\/\/argentinamunicipal.com.ar\/argentina\/wp-json\/wp\/v2\/posts\/21157\/revisions"}],"wp:featuredmedia":[{"embeddable":true,"href":"http:\/\/argentinamunicipal.com.ar\/argentina\/wp-json\/wp\/v2\/media\/21158"}],"wp:attachment":[{"href":"http:\/\/argentinamunicipal.com.ar\/argentina\/wp-json\/wp\/v2\/media?parent=21157"}],"wp:term":[{"taxonomy":"category","embeddable":true,"href":"http:\/\/argentinamunicipal.com.ar\/argentina\/wp-json\/wp\/v2\/categories?post=21157"},{"taxonomy":"post_tag","embeddable":true,"href":"http:\/\/argentinamunicipal.com.ar\/argentina\/wp-json\/wp\/v2\/tags?post=21157"}],"curies":[{"name":"wp","href":"https:\/\/api.w.org\/{rel}","templated":true}]}}