{"id":21160,"date":"2014-12-15T09:10:32","date_gmt":"2014-12-15T12:10:32","guid":{"rendered":"http:\/\/argentinamunicipal.com.ar\/argentina\/?p=21160"},"modified":"2014-12-15T09:10:32","modified_gmt":"2014-12-15T12:10:32","slug":"inauguran-38-viviendas-en-esperanza","status":"publish","type":"post","link":"http:\/\/argentinamunicipal.com.ar\/argentina\/inauguran-38-viviendas-en-esperanza\/","title":{"rendered":"Inauguran 38 viviendas en Esperanza"},"content":{"rendered":"<p><a href=\"http:\/\/argentinamunicipal.com.ar\/argentina\/wp-content\/uploads\/2014\/12\/13369_tapa-region-1.gif\"><img loading=\"lazy\" decoding=\"async\" class=\"aligncenter size-full wp-image-21161\" src=\"http:\/\/argentinamunicipal.com.ar\/argentina\/wp-content\/uploads\/2014\/12\/13369_tapa-region-1.gif\" alt=\"13369_tapa-region-1\" width=\"600\" height=\"320\" \/><\/a><br \/>\nEl acto fue encabezado por el gobernador Antonio Bonfatti, donde adem\u00e1s se anunci\u00f3 la construcci\u00f3n de una nueva escuela en la ciudad. Tambi\u00e9n se entregaron aportes a localidades del departamento Las Colonias.<\/p>\n<p>El gobernador de la provincia encabez\u00f3 el acto oficial por la inauguraci\u00f3n de 38 viviendas en la ciudad de Esperanza, dejando habilitados dos barrios: uno de 18 casas destinado a docentes y otro de 20, para demanda general.<\/p>\n<p>\u201cEs una alegr\u00eda estar nuevamente en Esperanza entregando viviendas a m\u00e1s santafesinas y santafesinos. La vivienda no solamente significa el cobijo del techo propio para la familia, la posibilidad de guarecerse, sino fundamentalmente, de criar a los hijos, darles un espacio de dignidad, poder conversar con ellos, en definitiva, consolidar los v\u00ednculos\u201d, remarc\u00f3.<\/p>\n<p>Por su parte, la ministra de Educaci\u00f3n, Claudia Balagu\u00e9, destac\u00f3: \u201cYa entregamos m\u00e1s de 180 viviendas a docentes en toda la provincia y hay otras 170 que se est\u00e1n por entregar, y \u00e9stas son muy buenas noticias. Esto fue parte del compromiso paritario, que venimos cumpliendo para dar respuesta a necesidades y derechos tan importantes como es el de la vivienda propia para nuestros docentes\u201d, expres\u00f3.<\/p>\n<p>El acto se desarroll\u00f3 en la esquina de Alfonsina Storni y Per\u00fa, actividad de la que participaron el vicegobernador Jorge Henn; la intendenta de Esperanza, Ana Mar\u00eda Meiners; los ministros de Educaci\u00f3n, y de la Producci\u00f3n, Carlos Fascendini; el director provincial de Vivienda y Urbanismo, Pablo \u00c1balos; el senador departamental Rub\u00e9n Pirola; representantes de la Asociaci\u00f3n del Magisterio de Santa Fe (Amsafe), intendentes y presidentes comunales.<\/p>\n<h3>Orgullo<\/h3>\n<p>Por otra parte, al referirse a las evaluaciones del Operativo Nacional que se realiza todos los a\u00f1os en cuatro disciplinas de quinto a\u00f1o de las escuelas secundarias: Matem\u00e1ticas, Lenguas, Ciencias Naturales y Ciencias Sociales; Bonfatti indic\u00f3 que \u201cconocimos una muy buena informaci\u00f3n para la provincia de Santa Fe. Y el orgullo de Santa Fe es que hemos crecido 4,52% con respecto al a\u00f1o anterior, que estamos muy por arriba de la media nacional, que hemos crecido m\u00e1s del 4% en alumnos en la escuela secundaria y que hemos bajado en dos puntos la deserci\u00f3n en la escuela secundaria\u201d, destac\u00f3.<\/p>\n<p>En este sentido, agreg\u00f3 que los resultados tienen que ver con el trabajo de los docentes, con un compromiso, \u201ccon la escuela p\u00fablica, con la defensa de nuestras instituciones, con la identidad que vamos generando en cada localidad y en cada pueblo. Entonces, creo que estamos cerrando un a\u00f1o con buenas noticias\u201d, asegur\u00f3 el mandatario.<\/p>\n<h3>Anticipo<\/h3>\n<p>Durante su visita a Esperanza, el gobernador anunci\u00f3 tambi\u00e9n la construcci\u00f3n de una escuela para el barrio La Orilla de esa ciudad. \u201cYa presentamos todos los planos en la Naci\u00f3n. Son 1.300 metros cuadrados, cinco aulas, talleres, espacio multimedia, sal\u00f3n de usos m\u00faltiples, y un gran patio. As\u00ed que esperamos de un momento a otro que podamos comenzar con esa escuela tan anhelada\u201d, indic\u00f3.<\/p>\n<p>Sobre este tema, la intendenta Meiners agreg\u00f3 que en la misma manzana se construir\u00e1 tambi\u00e9n un jard\u00edn maternal y un play\u00f3n.<\/p>\n<p>Adem\u00e1s, se entregaron dos aportes: uno de 563.000 pesos para la adquisici\u00f3n de una camioneta 0 Km, y otro de 367.200 pesos para la restauraci\u00f3n y puesta en valor del edificio del correo.<\/p>\n<p>Una vez finalizado el acto, Bonfatti visit\u00f3 la Escuela N\u00ba 1368 Maestro Gregorio Donnet, ubicada frente al barrio de viviendas docentes, donde fue recibido por la directora, Roxana Rodr\u00edguez, con quien recorri\u00f3 el establecimiento al que asisten 330 alumnos de los niveles Inicial y Primario.<\/p>\n<h3>Aportes<\/h3>\n<p>Durante el acto, Antonio Bonfatti hizo efectivo un Aporte No Reintegrable de 200.000 pesos a la comuna de Santa Clara de Buena Vista, destinado a finalizar la obra de remodelaci\u00f3n y refacci\u00f3n de la ex Estaci\u00f3n del Ferrocarril L\u00ednea Mitre de la mencionada localidad del departamento Las Colonias, incluyendo la construcci\u00f3n de dos bater\u00edas sanitarias, de un ba\u00f1o especial para personas con capacidades diferentes y una parada de \u00f3mnibus.<br \/>\nViviendas<\/p>\n<p>Con la inauguraci\u00f3n de estas nuevas unidades habitacionales -que demandaron una inversi\u00f3n por 13,68 millones de pesos-, la provincia arriba a las 3.435 unidades habilitadas desde el 10 de diciembre de 2011 y se avanza en la ejecuci\u00f3n de otras 4.065.<\/p>\n<p>Esta iniciativa fue enmarcada dentro del Programa Habitacional Docente, financiado por el Tesoro provincial y a partir de un compromiso con los gremios del sector.<\/p>\n<p>Tambi\u00e9n durante el acto, el gobernador entreg\u00f3 una serie de anticipos para la ejecuci\u00f3n de 38 viviendas en localidades del departamento Las Colonias. En la oportunidad, recibieron aportes las autoridades de Humboldt; La Pelada; S\u00e1 Pereira; San Agust\u00edn; San Carlos Sud; Santo Domingo; Las Tunas y Providencia, se destinar\u00e1n en total 804.766,97 pesos.<\/p>\n<h6>Fuente: El Litoral, Santa Fe<\/h6>\n","protected":false},"excerpt":{"rendered":"<p>El acto fue encabezado por el gobernador Antonio Bonfatti, donde adem\u00e1s se anunci\u00f3 la construcci\u00f3n de una nueva escuela en la ciudad. Tambi\u00e9n se entregaron aportes a localidades del departamento Las Colonias. El gobernador de la provincia encabez\u00f3 el acto oficial por la inauguraci\u00f3n de 38 viviendas en la ciudad de Esperanza, dejando habilitados dos<\/p>\n","protected":false},"author":2,"featured_media":21161,"comment_status":"closed","ping_status":"closed","sticky":false,"template":"","format":"standard","meta":{"footnotes":""},"categories":[2],"tags":[10],"class_list":["post-21160","post","type-post","status-publish","format-standard","has-post-thumbnail","hentry","category-informe-municipal","tag-santa-fe"],"_links":{"self":[{"href":"http:\/\/argentinamunicipal.com.ar\/argentina\/wp-json\/wp\/v2\/posts\/21160","targetHints":{"allow":["GET"]}}],"collection":[{"href":"http:\/\/argentinamunicipal.com.ar\/argentina\/wp-json\/wp\/v2\/posts"}],"about":[{"href":"http:\/\/argentinamunicipal.com.ar\/argentina\/wp-json\/wp\/v2\/types\/post"}],"author":[{"embeddable":true,"href":"http:\/\/argentinamunicipal.com.ar\/argentina\/wp-json\/wp\/v2\/users\/2"}],"replies":[{"embeddable":true,"href":"http:\/\/argentinamunicipal.com.ar\/argentina\/wp-json\/wp\/v2\/comments?post=21160"}],"version-history":[{"count":0,"href":"http:\/\/argentinamunicipal.com.ar\/argentina\/wp-json\/wp\/v2\/posts\/21160\/revisions"}],"wp:featuredmedia":[{"embeddable":true,"href":"http:\/\/argentinamunicipal.com.ar\/argentina\/wp-json\/wp\/v2\/media\/21161"}],"wp:attachment":[{"href":"http:\/\/argentinamunicipal.com.ar\/argentina\/wp-json\/wp\/v2\/media?parent=21160"}],"wp:term":[{"taxonomy":"category","embeddable":true,"href":"http:\/\/argentinamunicipal.com.ar\/argentina\/wp-json\/wp\/v2\/categories?post=21160"},{"taxonomy":"post_tag","embeddable":true,"href":"http:\/\/argentinamunicipal.com.ar\/argentina\/wp-json\/wp\/v2\/tags?post=21160"}],"curies":[{"name":"wp","href":"https:\/\/api.w.org\/{rel}","templated":true}]}}