{"id":21163,"date":"2014-12-15T09:15:40","date_gmt":"2014-12-15T12:15:40","guid":{"rendered":"http:\/\/argentinamunicipal.com.ar\/argentina\/?p=21163"},"modified":"2014-12-15T09:15:40","modified_gmt":"2014-12-15T12:15:40","slug":"rosario-avanza-la-construccion-de-1-200-viviendas-en-el-ex-batallon-121","status":"publish","type":"post","link":"http:\/\/argentinamunicipal.com.ar\/argentina\/rosario-avanza-la-construccion-de-1-200-viviendas-en-el-ex-batallon-121\/","title":{"rendered":"Rosario: Avanza la construcci\u00f3n de 1.200 viviendas en el ex Batall\u00f3n 121"},"content":{"rendered":"<div id=\"attachment_21164\" style=\"width: 631px\" class=\"wp-caption aligncenter\"><a href=\"http:\/\/argentinamunicipal.com.ar\/argentina\/wp-content\/uploads\/2014\/12\/12-15-c301-gentileza_gobernacion.jpg_88717827.jpg\"><img loading=\"lazy\" decoding=\"async\" aria-describedby=\"caption-attachment-21164\" class=\"size-full wp-image-21164\" src=\"http:\/\/argentinamunicipal.com.ar\/argentina\/wp-content\/uploads\/2014\/12\/12-15-c301-gentileza_gobernacion.jpg_88717827.jpg\" alt=\"Lo que viene. El proyecto admite la construcci\u00f3n de edificios de hasta 13 metros de altura (planta baja y tres pisos), entre otras opciones, en los frentes del parque.\" width=\"621\" height=\"465\" srcset=\"http:\/\/argentinamunicipal.com.ar\/argentina\/wp-content\/uploads\/2014\/12\/12-15-c301-gentileza_gobernacion.jpg_88717827.jpg 621w, http:\/\/argentinamunicipal.com.ar\/argentina\/wp-content\/uploads\/2014\/12\/12-15-c301-gentileza_gobernacion.jpg_88717827-300x224.jpg 300w\" sizes=\"auto, (max-width: 621px) 100vw, 621px\" \/><\/a><p id=\"caption-attachment-21164\" class=\"wp-caption-text\">Lo que viene. El proyecto admite la construcci\u00f3n de edificios de hasta 13 metros de altura (planta baja y tres pisos), entre otras opciones, en los frentes del parque.<\/p><\/div>\n<p>Son unidades habitacionales destinadas a sectores medios. Las autoridades abren ma\u00f1ana las ofertas de los privados.\u00a0Ya existe una empresa nacional, junto a una privada, interesada en ejecutarlo.<\/p>\n<p>&nbsp;<\/p>\n<p>La construcci\u00f3n de viviendas para sectores medios en el ex Batall\u00f3n 121 dar\u00e1 un nuevo paso ma\u00f1ana, a las 12, cuando autoridades provinciales abra las ofertas de las empresas interesadas en concretar un proyecto con capacidad de hasta 1.200 viviendas en cinco hect\u00e1reas de las treinta ubicadas en el antiguo predio militar. En ese sentido, el que resulte adjudicatario deber\u00e1 ejecutar en un plazo m\u00e1ximo de tres a\u00f1os la apertura de diez calles y la infraestructura de todo el Cord\u00f3n Ayacucho, donde viven 1.320 familias en un asentamiento irregular.<\/p>\n<p>Hay buenas se\u00f1ales: ya existe una empresa nacional, junto a una privada, interesada en ejecutarlo. La reconversi\u00f3n en la zona sur rosarina ya est\u00e1 en marcha con el Polo Tecnol\u00f3gico y la adjudicada obra del Museo del Deporte.<\/p>\n<p>El secretario de H\u00e1bitat santafesino, Gustavo Leone, confirm\u00f3 a La Capital que ma\u00f1ana se abrir\u00e1n los sobres correspondientes a las ofertas del llamado a licitaci\u00f3n para la construcci\u00f3n de viviendas para sectores medios en el predio de Ayacucho al 5500.<\/p>\n<p>En esas cinco hect\u00e1reas se admitir\u00e1n edificios de hasta 13 metros de altura (planta baja y tres pisos), con posibilidad de llegar a 27 metros (siete plantas) en los frentes del parque, y un uso comercial con un tope del 20 por ciento del total de las unidades en planta baja. La volumetr\u00eda autorizada acepta hasta 1.200 unidades habitacionales.<\/p>\n<p>En el proyecto, el que resulte ganador deber\u00e1 concretar la apertura de unas once calles, a cumplir en un plazo de hasta tres a\u00f1os, en un populoso asentamiento.<\/p>\n<p>La reconversi\u00f3n urbana del Cord\u00f3n Ayacucho (donde se relevaron 1.320 familias), al igual que lo realizado con la apertura de calle Centeno (donde se relocalizaron 30 familias), implica abrir diez calles, regularizar los servicios de agua, luz y gas, desag\u00fces cloacales y pluviales, cord\u00f3n cuneta, asfalto, veredas, alumbrado p\u00fablico y regularizaci\u00f3n dominial. Entre los requisitos, se solicita un piso de 231 viviendas para los habitantes del asentamiento.<\/p>\n<p>En ese sentido, una uni\u00f3n transitoria de empresas (UTE) interesada ya compr\u00f3 el pliego. Se trata de un grupo nacional de gran envergadura, con antecedentes en el campo financiero y petrolero, asociado a una constructora local (adjudicataria de varias obras p\u00fablicas en la provincia).<\/p>\n<p>\u00abQuien resulte adjudicatario se someter\u00e1 a un r\u00e9gimen de pari passu (igualdad de condiciones). Deber\u00e1 hacer el desarrollo urban\u00edstico en diez a\u00f1os y la compensaci\u00f3n en el Cord\u00f3n Ayacucho en tres. Si incumple, se cae la licitaci\u00f3n y no se le permitir\u00e1 comercializar lo construido\u00bb, indic\u00f3 Leone.<\/p>\n<p>El secretario de H\u00e1bitat resalt\u00f3 tambi\u00e9n que esa gesti\u00f3n urbanizadora \u00abcompone un modelo en el que el Estado aparece como aportante de suelo, asociado con el privado que construye\u00bb. Y agreg\u00f3: \u00abClaramente no habr\u00e1 viviendas Fonavi\u00bb.<\/p>\n<p>En cuanto a los plazos, y de no mediar inconvenientes, la firma del contrato para desarrollar viviendas en el ex batall\u00f3n llegar\u00e1 a principios de 2015, \u00abpara adjudicarse en el primer semestre\u00bb, estim\u00f3 el funcionario.<\/p>\n<p>Deporte. El 27 de octubre pasado, el gobierno adjudic\u00f3 a Edeca SA la construcci\u00f3n del Museo del Deporte en el predio del ex batall\u00f3n, con una inversi\u00f3n de 79 millones de pesos y un plazo de ejecuci\u00f3n de doce meses.<\/p>\n<p>El edificio estar\u00e1 contenido en una estructura met\u00e1lica de 39 metros de alto, que servir\u00e1 de soporte para pantallas gigantes en las que se proyectar\u00e1n eventos deportivos y culturales. Y contempla la construcci\u00f3n de un subsuelo, con auditorio, tienda tem\u00e1tica, dep\u00f3sito y sala de m\u00e1quinas, adem\u00e1s de una planta baja con hall, recepci\u00f3n y bar, un primer piso con sala de exposiciones permanente del deporte santafesino y administraci\u00f3n, un segundo piso con sala de exposiciones itinerantes, aulas y biblioteca y una azotea para actividades culturales al exterior.<\/p>\n<p>En paralelo, comenz\u00f3 la remodelaci\u00f3n de la primera de las tres naves del Area Tecnol\u00f3gica Nodo Rosario, un espacio de 4.800 metros cuadrados donde se radicar\u00e1n 17 empresas seleccionadas en la convocatoria 2013.<\/p>\n<p>Tambi\u00e9n est\u00e1 previsto en las instalaciones del ex batall\u00f3n el desembarco de la Direcci\u00f3n General de la Polic\u00eda de Investigaciones de la provincia.<\/p>\n<p>Asimismo, a cargo del Ministerio de Obras P\u00fablicas santafesino, qued\u00f3 la puesta en marcha de un gran parque en el predio de Ayacucho y Guti\u00e9rrez que ocupar\u00e1 15 hect\u00e1reas de las 30 que tiene el ex predio militar.<\/p>\n<p><strong>Rev\u00e9s judicial<\/strong><\/p>\n<p>El juez en lo Civil y Comercial Pedro Boasso rechaz\u00f3 la medida cautelar presentada por vecinos de la zona sur en rechazo a la construcci\u00f3n de viviendas en el ex Batall\u00f3n 121. En la presentaci\u00f3n judicial tambi\u00e9n se hab\u00eda planteado la oposici\u00f3n al funcionamiento del Area Tecnol\u00f3gica Nodo Rosario y al Museo del Deporte.<\/p>\n<h6>Fuente: La Capital, Rosario<\/h6>\n","protected":false},"excerpt":{"rendered":"<p>Son unidades habitacionales destinadas a sectores medios. Las autoridades abren ma\u00f1ana las ofertas de los privados.\u00a0Ya existe una empresa nacional, junto a una privada, interesada en ejecutarlo. &nbsp; La construcci\u00f3n de viviendas para sectores medios en el ex Batall\u00f3n 121 dar\u00e1 un nuevo paso ma\u00f1ana, a las 12, cuando autoridades provinciales abra las ofertas de<\/p>\n","protected":false},"author":2,"featured_media":21164,"comment_status":"closed","ping_status":"closed","sticky":false,"template":"","format":"standard","meta":{"footnotes":""},"categories":[2],"tags":[10],"class_list":["post-21163","post","type-post","status-publish","format-standard","has-post-thumbnail","hentry","category-informe-municipal","tag-santa-fe"],"_links":{"self":[{"href":"http:\/\/argentinamunicipal.com.ar\/argentina\/wp-json\/wp\/v2\/posts\/21163","targetHints":{"allow":["GET"]}}],"collection":[{"href":"http:\/\/argentinamunicipal.com.ar\/argentina\/wp-json\/wp\/v2\/posts"}],"about":[{"href":"http:\/\/argentinamunicipal.com.ar\/argentina\/wp-json\/wp\/v2\/types\/post"}],"author":[{"embeddable":true,"href":"http:\/\/argentinamunicipal.com.ar\/argentina\/wp-json\/wp\/v2\/users\/2"}],"replies":[{"embeddable":true,"href":"http:\/\/argentinamunicipal.com.ar\/argentina\/wp-json\/wp\/v2\/comments?post=21163"}],"version-history":[{"count":0,"href":"http:\/\/argentinamunicipal.com.ar\/argentina\/wp-json\/wp\/v2\/posts\/21163\/revisions"}],"wp:featuredmedia":[{"embeddable":true,"href":"http:\/\/argentinamunicipal.com.ar\/argentina\/wp-json\/wp\/v2\/media\/21164"}],"wp:attachment":[{"href":"http:\/\/argentinamunicipal.com.ar\/argentina\/wp-json\/wp\/v2\/media?parent=21163"}],"wp:term":[{"taxonomy":"category","embeddable":true,"href":"http:\/\/argentinamunicipal.com.ar\/argentina\/wp-json\/wp\/v2\/categories?post=21163"},{"taxonomy":"post_tag","embeddable":true,"href":"http:\/\/argentinamunicipal.com.ar\/argentina\/wp-json\/wp\/v2\/tags?post=21163"}],"curies":[{"name":"wp","href":"https:\/\/api.w.org\/{rel}","templated":true}]}}