{"id":21166,"date":"2014-12-15T09:22:43","date_gmt":"2014-12-15T12:22:43","guid":{"rendered":"http:\/\/argentinamunicipal.com.ar\/argentina\/?p=21166"},"modified":"2014-12-15T09:22:43","modified_gmt":"2014-12-15T12:22:43","slug":"el-intendente-inauguro-en-ushuaia-el-nuevo-centro-comercial-cielo-abierto","status":"publish","type":"post","link":"http:\/\/argentinamunicipal.com.ar\/argentina\/el-intendente-inauguro-en-ushuaia-el-nuevo-centro-comercial-cielo-abierto\/","title":{"rendered":"El Intendente\u00a0inaugur\u00f3 en Ushuaia el nuevo Centro Comercial a Cielo Abierto"},"content":{"rendered":"<p><a href=\"http:\/\/argentinamunicipal.com.ar\/argentina\/wp-content\/uploads\/2014\/12\/se-inaugur-el-flamante-centro-comercial-a-cielo-abierto_57295.jpg\"><img loading=\"lazy\" decoding=\"async\" class=\"aligncenter size-full wp-image-21167\" src=\"http:\/\/argentinamunicipal.com.ar\/argentina\/wp-content\/uploads\/2014\/12\/se-inaugur-el-flamante-centro-comercial-a-cielo-abierto_57295.jpg\" alt=\"se-inaugur-el-flamante-centro-comercial-a-cielo-abierto_57295\" width=\"600\" height=\"400\" srcset=\"http:\/\/argentinamunicipal.com.ar\/argentina\/wp-content\/uploads\/2014\/12\/se-inaugur-el-flamante-centro-comercial-a-cielo-abierto_57295.jpg 600w, http:\/\/argentinamunicipal.com.ar\/argentina\/wp-content\/uploads\/2014\/12\/se-inaugur-el-flamante-centro-comercial-a-cielo-abierto_57295-300x200.jpg 300w\" sizes=\"auto, (max-width: 600px) 100vw, 600px\" \/><\/a><br \/>\nEl intendente Federico Sciurano junto a dem\u00e1s autoridades inaugur\u00f3 las primeras tres cuadras de las 14 que representa el nuevo Centro Comercial a Cielo Abierto. Una multitud acompa\u00f1\u00f3 el corte de cinta de la nueva calle San Mart\u00edn. La Municipalidad de Ushuaia prepar\u00f3 un show con acr\u00f3batas, magos y sorteos. Tambi\u00e9n se cont\u00f3 con la compa\u00f1\u00eda de Pap\u00e1 Noel que se fotografi\u00f3 con cientos de ni\u00f1os. Veredas y calle calefaccionada, mayor espacio para los peatones con modernas luminarias led, son s\u00f3lo algunos de los beneficios que de ahora en m\u00e1s tendr\u00e1n los vecinos de Ushuaia al caminar por ese sector de la ciudad.<\/p>\n<p>El intendente Federico Sciurano junto a dem\u00e1s autoridades inaugur\u00f3 el pasado s\u00e1bado las primeras tres cuadras \u2013 de las 14 que abarca el proyecto general \u2013 del Centro Comercial a Cielo Abierto de calle San Mart\u00edn.<\/p>\n<p>Una multitud de personas se dio cita antes de las 18 para aguardar el corte de cinta y poder empezar a disfrutar de las primeras tres cuadras del nuevo centro. La calle San Mart\u00edn, entre Juan Manuel de Rosas y 25 de Mayo, recibi\u00f3 un cambio est\u00e9tico impresionante, que consisti\u00f3 en el soterramiento de los servicios de energ\u00eda, cable, internet y tel\u00e9fono. Tambi\u00e9n se colocaron veredas uniformes con senda para personas que padecen ceguera y la calzada se hizo a nueva con hormig\u00f3n. Tanto las veredas como la calle poseen sistema de calefacci\u00f3n lo que evitar\u00e1 en invierno la acumulaci\u00f3n de hielo y nieve.<\/p>\n<p>El intendente Sciurano procedi\u00f3 al corte de cinta acompa\u00f1ado por el presidente del Centro de Ex-combatientes de Ushuaia, Carlos Llamas, el secretario Desarrollo y Gesti\u00f3n Urbana, Juan Munaf\u00f3, la legisladora Liliana Mart\u00ednez Allende (UCR), los concejales Dami\u00e1n De Marco (MPF), Walter Gambadoro (UCR) y Walter Vuoto (FPV), entre otros.<\/p>\n<p>Antes y despu\u00e9s de la apertura simb\u00f3lica, la gente disfrut\u00f3 de show de acr\u00f3batas, bailarines, payasos, en un espect\u00e1culo que fue organizado por la Subsecretar\u00eda de Gesti\u00f3n Interna. Tambi\u00e9n hubo magos que acapararon la atenci\u00f3n de grandes y chicos.<\/p>\n<p>En tanto entre Fadul y 9 de Julio, estaba Pap\u00e1 Noel con su trineo y la presencia de duendes. Una multitud de chicos se fotografiaron y retiraban su bolsita con caramelos y golosinas. Durante el show tambi\u00e9n hubo sorteo de juguetes.<\/p>\n<p>El intendente Federico Sciurano agradeci\u00f3 el esfuerzo y sacrificio que realizaron todos los que trabajaron en la obra y que permitieron la inauguraci\u00f3n de la primera etapa, desde los obreros de la construcci\u00f3n hasta los integrantes del gabinete, entre otros. Tambi\u00e9n pidi\u00f3 disculpas a los comerciantes y vecinos por las molestias ocasionadas durante los meses que duraron los trabajos.<\/p>\n<p>En ese sentido, Sciurano dijo que \u00abfue muy emotivo para mi ver estos \u00faltimos d\u00edas, donde el clima nos trat\u00f3 muy mal, a un grupo de personas con su campera de lluvia puesta trabajando sin parar. Fue realmente incre\u00edble el compromiso que asumieron con la posibilidad que nos permite estar aqu\u00ed hoy\u00bb.<\/p>\n<p>\u00abSer\u00eda imposible pensar en este tipo de obras si no existiera un grupo humano comprometido\u00bb, se\u00f1al\u00f3 el Jefe Comunal, destacando tambi\u00e9n \u00abla suerte de tener el gabinete que est\u00e1 conmigo, as\u00ed como todo el personal de la municipalidad que busca siempre que podamos cumplir los objetivos\u00bb.<\/p>\n<p>Adem\u00e1s se dio tiempo para reconocer una vez m\u00e1s los trastornos que gener\u00f3 la obra en materia de tr\u00e1nsito. \u00abPido disculpas por las molestias ocasionadas durante estos \u00faltimos meses, pero era imposible hacer una obra as\u00ed sin molestar\u00bb, reconoci\u00f3.<\/p>\n<p>Por \u00faltimo, Sciurano dijo que luego de los primeros trabajos \u00abse tomaron decisiones para molestar lo menos posible\u00bb y agradeci\u00f3 \u00abla paciencia de todos los frentistas, de quienes habitualmente hacen tramites y de los que ten\u00edan dificultades para transitar con su veh\u00edculos\u00bb.<\/p>\n<p>A modo de reconocimiento, Sciurano hizo entrega de un cuadro a Juan Munaf\u00f3 que tuvo a cargo la ejecuci\u00f3n de la obra.<\/p>\n<p>El secretario Desarrollo y Gesti\u00f3n Urbana, Juan Munaf\u00f3, se refiri\u00f3 a la inauguraci\u00f3n del Centro Comercial a Cielo Abierto y consider\u00f3 que \u00abser\u00e1 un espacio para todos, de intercambio cultural y social\u00bb.<\/p>\n<p>El funcionario admiti\u00f3 que \u00abcuando empezamos con esta obra nos dec\u00edan que era una locura y que era imposible. Ten\u00edan raz\u00f3n, era una locura pero no era imposible\u00bb, sostuvo en su alocuci\u00f3n ante los presentes.<\/p>\n<p>Adem\u00e1s record\u00f3 que \u00aben estas capacitaciones que tuvimos hace 7 a\u00f1os, tuvimos la oportunidad de escuchar cu\u00e1l era el origen de los centros urbanos; conocimos que era el lugar donde la gente de los alrededores se reun\u00eda para hacer el intercambio de sus productos y adem\u00e1s era el lugar donde los campesinos conflu\u00edan y sociabilizaban. Ah\u00ed se produc\u00eda el intercambio cultural\u00bb.<\/p>\n<p>En ese sentido, Munaf\u00f3 sostuvo que \u00abesta es la idea de este nuevo centro comercial, poder recuperar un espacio para disfrutar todos, que adem\u00e1s de tener el intercambio comercial, podamos tomarlo como un espacio de intercambio cultural y social\u00bb.<\/p>\n<p>El funcionario se\u00f1al\u00f3 que \u00absiempre dijimos que esta es una obra de todos, que era imposible que hubiera individualismos; por eso fue muy importante la colaboraci\u00f3n de todas las c\u00e1maras, del concejo deliberante y de todas las \u00e1reas de la municipalidad de Ushuaia\u00bb.<\/p>\n<p>El Secretario dijo que \u00abla gente se merece esto tanto como las 500 cuadras de asfalto que estamos haciendo; o como el centro cultural Esther Fadul, la cancha de futbol que acabamos de inaugurar, el polo cultural, las piletas del polo, y todo lo que hacemos para que la gente tenga un vivienda digna\u00bb. Adem\u00e1s reiter\u00f3 que el proyecto est\u00e1 trazado \u00absobre las de 14 cuadras aunque ser\u00e1 un desaf\u00edo para los que vengan continuarlo\u00bb.<\/p>\n<p>Tambi\u00e9n lleg\u00f3 el momento de los reconocimientos. Munaf\u00f3 agradeci\u00f3 a todo el equipp y a \u00abtodas las empresas que tuvieron la camiseta puesta: al ingeniero Marcelo Domato, a Monte Electro, a Pablo Clausen, al ingeniero Palliso, la gente de Energ\u00eda y de Obras Sanitarias. Seguramente me olvido de un mont\u00f3n pero les pido disculpas\u00bb.<\/p>\n<p>\u00abPor ultimo quiero agradecer el apoyo que me dieron, fundamentalmente Oscar Rubinos, el Concejo Deliberante y a Federico Sciurano por la oportunidad que medio de dirigir esta obra\u00bb, sostuvo el funcionario.<\/p>\n<h6>Fuente: Sur 54.com<\/h6>\n","protected":false},"excerpt":{"rendered":"<p>El intendente Federico Sciurano junto a dem\u00e1s autoridades inaugur\u00f3 las primeras tres cuadras de las 14 que representa el nuevo Centro Comercial a Cielo Abierto. Una multitud acompa\u00f1\u00f3 el corte de cinta de la nueva calle San Mart\u00edn. La Municipalidad de Ushuaia prepar\u00f3 un show con acr\u00f3batas, magos y sorteos. Tambi\u00e9n se cont\u00f3 con la<\/p>\n","protected":false},"author":2,"featured_media":21167,"comment_status":"closed","ping_status":"closed","sticky":false,"template":"","format":"standard","meta":{"footnotes":""},"categories":[2],"tags":[34],"class_list":["post-21166","post","type-post","status-publish","format-standard","has-post-thumbnail","hentry","category-informe-municipal","tag-tierra-del-fuego"],"_links":{"self":[{"href":"http:\/\/argentinamunicipal.com.ar\/argentina\/wp-json\/wp\/v2\/posts\/21166","targetHints":{"allow":["GET"]}}],"collection":[{"href":"http:\/\/argentinamunicipal.com.ar\/argentina\/wp-json\/wp\/v2\/posts"}],"about":[{"href":"http:\/\/argentinamunicipal.com.ar\/argentina\/wp-json\/wp\/v2\/types\/post"}],"author":[{"embeddable":true,"href":"http:\/\/argentinamunicipal.com.ar\/argentina\/wp-json\/wp\/v2\/users\/2"}],"replies":[{"embeddable":true,"href":"http:\/\/argentinamunicipal.com.ar\/argentina\/wp-json\/wp\/v2\/comments?post=21166"}],"version-history":[{"count":0,"href":"http:\/\/argentinamunicipal.com.ar\/argentina\/wp-json\/wp\/v2\/posts\/21166\/revisions"}],"wp:featuredmedia":[{"embeddable":true,"href":"http:\/\/argentinamunicipal.com.ar\/argentina\/wp-json\/wp\/v2\/media\/21167"}],"wp:attachment":[{"href":"http:\/\/argentinamunicipal.com.ar\/argentina\/wp-json\/wp\/v2\/media?parent=21166"}],"wp:term":[{"taxonomy":"category","embeddable":true,"href":"http:\/\/argentinamunicipal.com.ar\/argentina\/wp-json\/wp\/v2\/categories?post=21166"},{"taxonomy":"post_tag","embeddable":true,"href":"http:\/\/argentinamunicipal.com.ar\/argentina\/wp-json\/wp\/v2\/tags?post=21166"}],"curies":[{"name":"wp","href":"https:\/\/api.w.org\/{rel}","templated":true}]}}