{"id":21172,"date":"2014-12-15T09:33:07","date_gmt":"2014-12-15T12:33:07","guid":{"rendered":"http:\/\/argentinamunicipal.com.ar\/argentina\/?p=21172"},"modified":"2014-12-15T09:33:07","modified_gmt":"2014-12-15T12:33:07","slug":"la-pampa-si-vienen-medicos-argentinos-que-atiendan-en-los-pueblos-traeremos-cubanos","status":"publish","type":"post","link":"http:\/\/argentinamunicipal.com.ar\/argentina\/la-pampa-si-vienen-medicos-argentinos-que-atiendan-en-los-pueblos-traeremos-cubanos\/","title":{"rendered":"La Pampa: \u00abSi no vienen m\u00e9dicos argentinos que atiendan en los pueblos traeremos cubanos\u00bb"},"content":{"rendered":"<p><a href=\"http:\/\/argentinamunicipal.com.ar\/argentina\/wp-content\/uploads\/2014\/12\/jorgeoscarhospitoay2014-1.jpg\"><img loading=\"lazy\" decoding=\"async\" class=\"aligncenter size-full wp-image-21173\" src=\"http:\/\/argentinamunicipal.com.ar\/argentina\/wp-content\/uploads\/2014\/12\/jorgeoscarhospitoay2014-1.jpg\" alt=\"jorgeoscarhospitoay2014-1\" width=\"590\" height=\"400\" srcset=\"http:\/\/argentinamunicipal.com.ar\/argentina\/wp-content\/uploads\/2014\/12\/jorgeoscarhospitoay2014-1.jpg 590w, http:\/\/argentinamunicipal.com.ar\/argentina\/wp-content\/uploads\/2014\/12\/jorgeoscarhospitoay2014-1-300x203.jpg 300w\" sizes=\"auto, (max-width: 590px) 100vw, 590px\" \/><\/a><\/p>\n<p>El gobernador Oscar Jorge defendi\u00f3 hoy, p\u00fablicamente, su iniciativa para contratar m\u00e9dicos de Cuba para que atiendan en los pueblos de la provincia. Dijo que pretende que todos los pampeanos tengan \u201ccobertura total\u201d. Sali\u00f3, as\u00ed, al cruce de dirigentes gremialistas y diputados opositores.<\/p>\n<p>Dijo que los m\u00e9dicos argentinos no quieren radicarse en los pueblos m\u00e1s chicos. \u00abNosotros queremos tener m\u00e9dicos en cuanto pueblo tiene el territorio. Se han hecho tr\u00e1mites en todo el pa\u00eds para conseguirlos, pero si no vienen profesionales argentinos, vamos a traer m\u00e9dicos de Cuba, porque quiero que todos los pampeanos tengan una cobertura total con m\u00e9dicos en sus pueblos porque tienen los mismos derechos que todos\u201d, manifest\u00f3.<\/p>\n<p>El sindicato que nuclea a los profesionales de la salud ha salido a cuestionar esta iniciativa. Es que considera que si hubiera mejores salarios no ser\u00eda necesario traer m\u00e9dicos de Cuba. Lo mismo consideran diputados opositores.<\/p>\n<p>Jorge dej\u00f3 habilitadas las obras de ampliaci\u00f3n y refuncionalizaci\u00f3n del Hospital Segundo Taladriz, de Toay, durante un acto realizado en horas del mediod\u00eda, las cuales incrementan la capacidad y la calidad de la atenci\u00f3n sanitaria del establecimiento, con una inversi\u00f3n total que alcanz\u00f3 a $ 6.170.000,00.<\/p>\n<p>El mandatario pampeano estuvo acompa\u00f1ado por el intendente Ariel Rojas y los ministros Mario Gonz\u00e1lez (Salud); Ariel Rauschenberger (coordinador de Gabinete); Fabi\u00e1n Bruna (secretario de Asuntos Municipales; subsecretarios, directores y otros funcionarios provinciales y locales, adem\u00e1s de intendentes municipales de algunas poblaciones pampeanas y las legisladoras nacionales Mar\u00eda Luz Alonso y Mar\u00eda de los \u00c1ngeles Higonet.<\/p>\n<p>\u201cLas obras inauguradas conducen a lo que pretendemos: que la Salud tenga todos los medios como para que nuestra gente pueda ser atendida con calidad\u201d, dijo.<\/p>\n<p>Detall\u00f3 una estad\u00edstica relacionada a la incorporaci\u00f3n de personal (recurso humano) en el \u00e1rea de Salud a nivel provincial: \u201cTomamos el 2007, en el inicio de nuestra gesti\u00f3n con 868 personas en enfermer\u00eda y ahora tenemos 1.039. Ten\u00edamos 745 profesionales y el n\u00famero pas\u00f3 a 1.022. T\u00e9cnicos: hab\u00eda 191 y hoy estamos en 265. Quiere decir que hubo y sigue habiendo incorporaciones donde se necesitan\u201d, dijo.<\/p>\n<h6>Fuente: Diario Textual<\/h6>\n","protected":false},"excerpt":{"rendered":"<p>El gobernador Oscar Jorge defendi\u00f3 hoy, p\u00fablicamente, su iniciativa para contratar m\u00e9dicos de Cuba para que atiendan en los pueblos de la provincia. Dijo que pretende que todos los pampeanos tengan \u201ccobertura total\u201d. Sali\u00f3, as\u00ed, al cruce de dirigentes gremialistas y diputados opositores. Dijo que los m\u00e9dicos argentinos no quieren radicarse en los pueblos m\u00e1s<\/p>\n","protected":false},"author":2,"featured_media":21173,"comment_status":"closed","ping_status":"closed","sticky":false,"template":"","format":"standard","meta":{"footnotes":""},"categories":[2],"tags":[42],"class_list":["post-21172","post","type-post","status-publish","format-standard","has-post-thumbnail","hentry","category-informe-municipal","tag-la-pampa"],"_links":{"self":[{"href":"http:\/\/argentinamunicipal.com.ar\/argentina\/wp-json\/wp\/v2\/posts\/21172","targetHints":{"allow":["GET"]}}],"collection":[{"href":"http:\/\/argentinamunicipal.com.ar\/argentina\/wp-json\/wp\/v2\/posts"}],"about":[{"href":"http:\/\/argentinamunicipal.com.ar\/argentina\/wp-json\/wp\/v2\/types\/post"}],"author":[{"embeddable":true,"href":"http:\/\/argentinamunicipal.com.ar\/argentina\/wp-json\/wp\/v2\/users\/2"}],"replies":[{"embeddable":true,"href":"http:\/\/argentinamunicipal.com.ar\/argentina\/wp-json\/wp\/v2\/comments?post=21172"}],"version-history":[{"count":0,"href":"http:\/\/argentinamunicipal.com.ar\/argentina\/wp-json\/wp\/v2\/posts\/21172\/revisions"}],"wp:featuredmedia":[{"embeddable":true,"href":"http:\/\/argentinamunicipal.com.ar\/argentina\/wp-json\/wp\/v2\/media\/21173"}],"wp:attachment":[{"href":"http:\/\/argentinamunicipal.com.ar\/argentina\/wp-json\/wp\/v2\/media?parent=21172"}],"wp:term":[{"taxonomy":"category","embeddable":true,"href":"http:\/\/argentinamunicipal.com.ar\/argentina\/wp-json\/wp\/v2\/categories?post=21172"},{"taxonomy":"post_tag","embeddable":true,"href":"http:\/\/argentinamunicipal.com.ar\/argentina\/wp-json\/wp\/v2\/tags?post=21172"}],"curies":[{"name":"wp","href":"https:\/\/api.w.org\/{rel}","templated":true}]}}