{"id":21189,"date":"2014-12-23T06:56:13","date_gmt":"2014-12-23T09:56:13","guid":{"rendered":"http:\/\/argentinamunicipal.com.ar\/argentina\/?p=21189"},"modified":"2014-12-17T11:21:28","modified_gmt":"2014-12-17T14:21:28","slug":"fiesta-nacional-de-la-navidad-cordillerana-san-martin-de-los-andes","status":"publish","type":"post","link":"http:\/\/argentinamunicipal.com.ar\/argentina\/fiesta-nacional-de-la-navidad-cordillerana-san-martin-de-los-andes\/","title":{"rendered":"Fiesta Nacional de la Navidad Cordillerana, San Martin de los Andes"},"content":{"rendered":"<p><a href=\"http:\/\/argentinamunicipal.com.ar\/argentina\/wp-content\/uploads\/2014\/12\/encabezado_navidad_cordillerana.jpg\"><img loading=\"lazy\" decoding=\"async\" class=\"aligncenter size-full wp-image-21190\" src=\"http:\/\/argentinamunicipal.com.ar\/argentina\/wp-content\/uploads\/2014\/12\/encabezado_navidad_cordillerana.jpg\" alt=\"encabezado_navidad_cordillerana\" width=\"720\" height=\"250\" srcset=\"http:\/\/argentinamunicipal.com.ar\/argentina\/wp-content\/uploads\/2014\/12\/encabezado_navidad_cordillerana.jpg 720w, http:\/\/argentinamunicipal.com.ar\/argentina\/wp-content\/uploads\/2014\/12\/encabezado_navidad_cordillerana-300x104.jpg 300w\" sizes=\"auto, (max-width: 720px) 100vw, 720px\" \/><\/a><br \/>\nSan Mart\u00edn de los Andes se viste de fiesta para recibir la Navidad. Por iniciativa de un grupo de vecinos y con el apoyo de instituciones, empresas y comercios locales, La Fiesta de la Navidad Cordillerana a\u00f1o tras a\u00f1o se ha ido convirtiendo en una de las celebraciones m\u00e1s tradicionales y esperadas de toda la Patagonia Argentina.<\/p>\n<p>Tradicionalmente se desarrolla en el Pasaje Virgen de la Monta\u00f1a, que da acceso al casco urbano. Desde el d\u00eda de la Virgen hasta el d\u00eda de Reyes suelen realizarse las siguientes actividades: La Cantata Navide\u00f1a, con un pesebre viviente y la actuaci\u00f3n de varios grupos de danzas, exposiciones, festival gastron\u00f3mico.<\/p>\n<p>Todas estas actividades son acompa\u00f1adas con la participaci\u00f3n de coros, conjuntos musicales y grupos de danzas locales. Tambi\u00e9n se celebran concursos como el de pesebres o las vidrieras, y la b\u00fasqueda de los reyes magos en la Costanera del Lago L\u00e1car.<\/p>\n<h6>Fuente:\u00a0sanmartindelosandes.travel<\/h6>\n","protected":false},"excerpt":{"rendered":"<p>San Mart\u00edn de los Andes se viste de fiesta para recibir la Navidad. Por iniciativa de un grupo de vecinos y con el apoyo de instituciones, empresas y comercios locales, La Fiesta de la Navidad Cordillerana a\u00f1o tras a\u00f1o se ha ido convirtiendo en una de las celebraciones m\u00e1s tradicionales y esperadas de toda la<\/p>\n","protected":false},"author":2,"featured_media":21191,"comment_status":"closed","ping_status":"closed","sticky":false,"template":"","format":"standard","meta":{"footnotes":""},"categories":[47],"tags":[23],"class_list":["post-21189","post","type-post","status-publish","format-standard","has-post-thumbnail","hentry","category-fiestas","tag-neuquen"],"_links":{"self":[{"href":"http:\/\/argentinamunicipal.com.ar\/argentina\/wp-json\/wp\/v2\/posts\/21189","targetHints":{"allow":["GET"]}}],"collection":[{"href":"http:\/\/argentinamunicipal.com.ar\/argentina\/wp-json\/wp\/v2\/posts"}],"about":[{"href":"http:\/\/argentinamunicipal.com.ar\/argentina\/wp-json\/wp\/v2\/types\/post"}],"author":[{"embeddable":true,"href":"http:\/\/argentinamunicipal.com.ar\/argentina\/wp-json\/wp\/v2\/users\/2"}],"replies":[{"embeddable":true,"href":"http:\/\/argentinamunicipal.com.ar\/argentina\/wp-json\/wp\/v2\/comments?post=21189"}],"version-history":[{"count":0,"href":"http:\/\/argentinamunicipal.com.ar\/argentina\/wp-json\/wp\/v2\/posts\/21189\/revisions"}],"wp:featuredmedia":[{"embeddable":true,"href":"http:\/\/argentinamunicipal.com.ar\/argentina\/wp-json\/wp\/v2\/media\/21191"}],"wp:attachment":[{"href":"http:\/\/argentinamunicipal.com.ar\/argentina\/wp-json\/wp\/v2\/media?parent=21189"}],"wp:term":[{"taxonomy":"category","embeddable":true,"href":"http:\/\/argentinamunicipal.com.ar\/argentina\/wp-json\/wp\/v2\/categories?post=21189"},{"taxonomy":"post_tag","embeddable":true,"href":"http:\/\/argentinamunicipal.com.ar\/argentina\/wp-json\/wp\/v2\/tags?post=21189"}],"curies":[{"name":"wp","href":"https:\/\/api.w.org\/{rel}","templated":true}]}}