{"id":21227,"date":"2014-12-16T07:52:33","date_gmt":"2014-12-16T10:52:33","guid":{"rendered":"http:\/\/argentinamunicipal.com.ar\/argentina\/?p=21227"},"modified":"2014-12-16T07:52:33","modified_gmt":"2014-12-16T10:52:33","slug":"13-localidades-de-la-provincia-de-santa-fe-se-suman-la-planificacion-estrategica","status":"publish","type":"post","link":"http:\/\/argentinamunicipal.com.ar\/argentina\/13-localidades-de-la-provincia-de-santa-fe-se-suman-la-planificacion-estrategica\/","title":{"rendered":"13 Localidades de la Provincia de Santa Fe se suman a la planificaci\u00f3n estrat\u00e9gica"},"content":{"rendered":"<div id=\"attachment_21228\" style=\"width: 775px\" class=\"wp-caption aligncenter\"><a href=\"http:\/\/argentinamunicipal.com.ar\/argentina\/wp-content\/uploads\/2014\/12\/108507.jpg\"><img loading=\"lazy\" decoding=\"async\" aria-describedby=\"caption-attachment-21228\" class=\"size-full wp-image-21228\" src=\"http:\/\/argentinamunicipal.com.ar\/argentina\/wp-content\/uploads\/2014\/12\/108507.jpg\" alt=\"Galassi junto a ministros y autoridades comunales de las diferentes localidades de la provincia presentes en el acto.\" width=\"765\" height=\"502\" srcset=\"http:\/\/argentinamunicipal.com.ar\/argentina\/wp-content\/uploads\/2014\/12\/108507.jpg 765w, http:\/\/argentinamunicipal.com.ar\/argentina\/wp-content\/uploads\/2014\/12\/108507-300x196.jpg 300w\" sizes=\"auto, (max-width: 765px) 100vw, 765px\" \/><\/a><p id=\"caption-attachment-21228\" class=\"wp-caption-text\">Galassi junto a ministros y autoridades comunales de las diferentes localidades de la provincia presentes en el acto.<\/p><\/div>\n<p>El ministro Galassi firm\u00f3 un convenio con representantes de la Unesco para poner en marcha la capacitaci\u00f3n. La primera etapa incluy\u00f3 a cinco municipios de la provincia.<\/p>\n<p>Con la firma de un nuevo convenio marco, 13 municipalidades y comunas se sumaron a la segunda etapa del Programa Planes Base en Ciudades Intermedias, del que ya participan 5 ciudades santafesinas. Esta iniciativa, que el gobierno provincial lleva adelante junto con la Unesco (Organizaci\u00f3n de las Naciones Unidas para la Educaci\u00f3n, la Ciencia y la Cultura), apunta a la planificaci\u00f3n y ordenamiento del territorio santafesino.<\/p>\n<p>La ceremonia se llev\u00f3 a cabo en el sal\u00f3n Blanco de la Casa de Gobierno, con la presencia de los ministros de Gobierno y Reforma del Estado, Rub\u00e9n Galassi, y de Obras P\u00fablicas y Vivienda, Julio Schneider, como as\u00ed tambi\u00e9n el secretario de Regiones, Municipios y Comunas, Horacio Ghirardi.<\/p>\n<p>En ese marco, el ministro consider\u00f3 muy auspicioso que Santa Fe est\u00e9 recorriendo el camino junto con las autoridades locales, consolidando este proceso y aceptando que la planificaci\u00f3n estrat\u00e9gica es fundamental para el futuro pero tambi\u00e9n para el presente.<\/p>\n<p>\u201cLas responsabilidades que se est\u00e1n asumiendo desde los gobiernos locales son cada vez mayores. Es necesario ir planificando tambi\u00e9n la manera de acompa\u00f1ar con m\u00e1s recursos esas nuevas facultades. Es una tarea pendiente tanto en la provincia como en el pa\u00eds, en paralelo con la descentralizaci\u00f3n de las responsabilidades\u201d, sostuvo.<\/p>\n<p>Por otra parte, en un mensaje transmitido por video desde Barcelona, del director de la C\u00e1tedra Unesco \u201cCiudades Intermedias: Urbanizaci\u00f3n y Desarrollo\u201d, de la Universidad de Lleida (Espa\u00f1a), Josep Mar\u00eda Llop Torn\u00e9. En la oportunidad, el catedr\u00e1tico anunci\u00f3 que Santa Fe ser\u00e1 invitada para asumir un rol mucho m\u00e1s activo dentro de la Red Mundial de Ciudades, Gobiernos Locales y Regionales (CGLU) haci\u00e9ndola parte de los gobiernos directivos.<\/p>\n<h3>En el norte<\/h3>\n<p>El acto tambi\u00e9n cont\u00f3 con la presencia de los senadores provinciales Orfilio Marc\u00f3n y Rodrigo Borla; la secretaria de Relaciones Internacionales e Integraci\u00f3n de la provincia, Mar\u00eda Julia Reyna; la secretaria de Arquitectura del Ministerio de Obras P\u00fablicas, Silvana Codina, y su par de Planeamiento, Gerardo Barro; y la investigadora de la C\u00e1tedra Unesco Ciudades Intermedias: Urbanizaci\u00f3n y Desarrollo, Roxana Tapia.<\/p>\n<p>En esta segunda etapa del programa, el convenio fue firmado por Galassi y los intendentes de Avellaneda, Dionisio Scarp\u00edn; Vera, Reynaldo Fabbroni; de San Jorge, Enrique Marucci; de San Crist\u00f3bal, Horacio Rigo; de Laguna Paiva, Jorge Fern\u00e1ndez; de San Carlos Centro, Omar Pr\u00edncipe; de San Carlos Sur, Mauricio Colombo; de Carcara\u00f1\u00e1, Ram\u00f3n Soques; y de El Tr\u00e9bol, Fernando Almada; y los presidentes comunales de Alcorta, Aldo Martino; y Cha\u00f1ar Ladeado, Mat\u00edas Dichiara. En tanto, por la Municipalidad de Reconquista y la comuna de Wheelwright, asistieron representantes de sus m\u00e1ximas autoridades.<\/p>\n<p>Esta r\u00fabrica tiene el antecedente de noviembre de 2013, cuando el gobernador Antonio Bonfatti firm\u00f3 con Llop Torn\u00e9, el convenio para la puesta en marcha del programa y la adhesi\u00f3n de los intendentes de Las Toscas, de Sunchales, Santo Tom\u00e9, Casilda y de Villa Ca\u00f1\u00e1s.<\/p>\n<p>Luego de la ceremonia, se desarroll\u00f3 un seminario de capacitaci\u00f3n a cargo de los equipos t\u00e9cnicos ejecutivos del programa en distintas instituciones de la ciudad de Santa Fe. Los destinatarios son representantes de municipios y comunas, de los ministerios involucrados, y las coordinaciones regionales.<\/p>\n<h6>Fuente: El Litoral, Santa Fe<\/h6>\n","protected":false},"excerpt":{"rendered":"<p>El ministro Galassi firm\u00f3 un convenio con representantes de la Unesco para poner en marcha la capacitaci\u00f3n. La primera etapa incluy\u00f3 a cinco municipios de la provincia. Con la firma de un nuevo convenio marco, 13 municipalidades y comunas se sumaron a la segunda etapa del Programa Planes Base en Ciudades Intermedias, del que ya<\/p>\n","protected":false},"author":2,"featured_media":21228,"comment_status":"closed","ping_status":"closed","sticky":false,"template":"","format":"standard","meta":{"footnotes":""},"categories":[2],"tags":[10],"class_list":["post-21227","post","type-post","status-publish","format-standard","has-post-thumbnail","hentry","category-informe-municipal","tag-santa-fe"],"_links":{"self":[{"href":"http:\/\/argentinamunicipal.com.ar\/argentina\/wp-json\/wp\/v2\/posts\/21227","targetHints":{"allow":["GET"]}}],"collection":[{"href":"http:\/\/argentinamunicipal.com.ar\/argentina\/wp-json\/wp\/v2\/posts"}],"about":[{"href":"http:\/\/argentinamunicipal.com.ar\/argentina\/wp-json\/wp\/v2\/types\/post"}],"author":[{"embeddable":true,"href":"http:\/\/argentinamunicipal.com.ar\/argentina\/wp-json\/wp\/v2\/users\/2"}],"replies":[{"embeddable":true,"href":"http:\/\/argentinamunicipal.com.ar\/argentina\/wp-json\/wp\/v2\/comments?post=21227"}],"version-history":[{"count":0,"href":"http:\/\/argentinamunicipal.com.ar\/argentina\/wp-json\/wp\/v2\/posts\/21227\/revisions"}],"wp:featuredmedia":[{"embeddable":true,"href":"http:\/\/argentinamunicipal.com.ar\/argentina\/wp-json\/wp\/v2\/media\/21228"}],"wp:attachment":[{"href":"http:\/\/argentinamunicipal.com.ar\/argentina\/wp-json\/wp\/v2\/media?parent=21227"}],"wp:term":[{"taxonomy":"category","embeddable":true,"href":"http:\/\/argentinamunicipal.com.ar\/argentina\/wp-json\/wp\/v2\/categories?post=21227"},{"taxonomy":"post_tag","embeddable":true,"href":"http:\/\/argentinamunicipal.com.ar\/argentina\/wp-json\/wp\/v2\/tags?post=21227"}],"curies":[{"name":"wp","href":"https:\/\/api.w.org\/{rel}","templated":true}]}}