{"id":21230,"date":"2014-12-16T07:56:03","date_gmt":"2014-12-16T10:56:03","guid":{"rendered":"http:\/\/argentinamunicipal.com.ar\/argentina\/?p=21230"},"modified":"2014-12-16T07:56:03","modified_gmt":"2014-12-16T10:56:03","slug":"santa-fe-entregaran-mas-de-4-mil-hectareas-comunidades-aborigenes","status":"publish","type":"post","link":"http:\/\/argentinamunicipal.com.ar\/argentina\/santa-fe-entregaran-mas-de-4-mil-hectareas-comunidades-aborigenes\/","title":{"rendered":"Santa Fe: Entregar\u00e1n m\u00e1s de 4 mil hect\u00e1reas a comunidades abor\u00edgenes"},"content":{"rendered":"<div id=\"attachment_21231\" style=\"width: 330px\" class=\"wp-caption alignleft\"><a href=\"http:\/\/argentinamunicipal.com.ar\/argentina\/wp-content\/uploads\/2014\/12\/thumbnoticia.jpg\"><img loading=\"lazy\" decoding=\"async\" aria-describedby=\"caption-attachment-21231\" class=\"size-full wp-image-21231\" src=\"http:\/\/argentinamunicipal.com.ar\/argentina\/wp-content\/uploads\/2014\/12\/thumbnoticia.jpg\" alt=\"Durante la reuni\u00f3n de la Comisi\u00f3n de Adjudicaci\u00f3n de Tierras, donde el gobierno decidi\u00f3 la entrega de casi 5 mil hect\u00e1reas\" width=\"320\" height=\"200\" srcset=\"http:\/\/argentinamunicipal.com.ar\/argentina\/wp-content\/uploads\/2014\/12\/thumbnoticia.jpg 320w, http:\/\/argentinamunicipal.com.ar\/argentina\/wp-content\/uploads\/2014\/12\/thumbnoticia-300x187.jpg 300w\" sizes=\"auto, (max-width: 320px) 100vw, 320px\" \/><\/a><p id=\"caption-attachment-21231\" class=\"wp-caption-text\">Durante la reuni\u00f3n de la Comisi\u00f3n de Adjudicaci\u00f3n de Tierras, donde el gobierno decidi\u00f3 la entrega de casi 5 mil hect\u00e1reas<\/p><\/div>\n<p>El gobierno provincial har\u00e1 entrega de tierras a ocho comunidades, en el marco del proceso de reparaci\u00f3n hist\u00f3rica, que ya cuenta con m\u00e1s de 11 mil hect\u00e1reas restituidas en toda la provincia.<\/p>\n<p>La provincia de Santa Fe resolvi\u00f3 ayer la entrega de tierras fiscales a pueblos abor\u00edgenes de la costa santafesina, en el marco de la Ley 12.086. En esta oportunidad, los beneficiarios son comunidades de los distritos Helvecia y Colonia Masc\u00edas, del departamento Garay. En total, son 4.934 hect\u00e1reas, en su mayor\u00eda ubicadas en islas.<\/p>\n<p>La decisi\u00f3n se tom\u00f3 en el marco de la reuni\u00f3n de la Comisi\u00f3n de Adjudicaci\u00f3n de Tierras, que estuvo presidida por el secretario de Regiones, Municipios y Comunas, Horacio Ghirardi, y en la que tambi\u00e9n participaron la representante de la Organizaci\u00f3n de las Comunidades Abor\u00edgenes de Santa Fe (Ocastafe), Clara Chilcano; el titular del Instituto Provincial de Abor\u00edgenes Santafesinos (Ipas), Rufino V\u00e1zquez; los representantes de las comunidades beneficiadas y los miembros permanentes de la mesa, de los ministerios de Desarrollo Social, Silvina Boschetti; de Educaci\u00f3n, Horacio Taletti, y Justicia, Selva de Giorgio.<\/p>\n<p>Con esta decisi\u00f3n, ya son m\u00e1s de once mil hect\u00e1reas restituidas por el gobierno provincial a los pueblos originarios mediante resoluciones administrativas, salvo 327 hect\u00e1reas del lote fiscal San Jos\u00e9, distrito Recreo, cedido con escritura definitiva a la comunidad mocov\u00ed Com Caia.<\/p>\n<p>La novedad en ese sentido es que Catastro provincial ya inici\u00f3 la tarea de medici\u00f3n y mensura de los predios cedidos a las comunidades, a los efectos de completar el registro formal y concluir el tr\u00e1mite entregando la escritura a cada uno de los beneficiarios. Esta labor ya se planific\u00f3 para los terrenos ubicados en el distrito Florencia, que mediante resoluci\u00f3n 085\/2013 hab\u00edan sido entregados a la comunidad Natocoi.<\/p>\n<p>La cesi\u00f3n resuelta por la Comisi\u00f3n de Adjudicaci\u00f3n de Tierras beneficia a las comunidades abor\u00edgenes Claudina Lanche, Dos de Febrero, Aim Moqoit, Calle Ancha, Santa Teresita, Cacique Santos Sa\u00f1udo y Do\u00f1a Jer\u00f3nima Troncoso. La primera del distrito Colonia Masc\u00edas y el resto del distrito Helvecia.<\/p>\n<p>\u201cEsto es posible por la ley, pero tambi\u00e9n por la firme decisi\u00f3n pol\u00edtica del gobierno de Antonio Bonfatti de avanzar en la reparaci\u00f3n hist\u00f3rica a los pueblos originarios\u201d, consider\u00f3 Horacio Ghirardi, tras lo resuelto por la comisi\u00f3n.<\/p>\n<p>\u201cLlegamos a esta nueva cesi\u00f3n de terrenos luego de un trabajoso camino recorrido en el transcurso de este a\u00f1o, que incluy\u00f3 tr\u00e1mites, numerosos viajes y reuniones con las comunidades en sus lugares de origen\u201d, indic\u00f3 el funcionario.<\/p>\n<p>El secretario de Regiones, Municipios y Comunas tambi\u00e9n celebr\u00f3 que Catastro haya podido iniciar la mensura y posterior escrituraci\u00f3n de los predios ya cedidos. \u201cEsta es una tarea muy costosa que va a permitir cerrar el circuito de la restituci\u00f3n a trav\u00e9s de las escritura comunitaria y, por ende, registro de propiedad definitivo a favor de las comunidades\u201d, reflexion\u00f3 Ghirardi.<\/p>\n<p>Asimismo, destac\u00f3 que la provincia de Santa Fe, \u201cest\u00e1 a la vanguardia en materia de reconocimiento de los derechos de los pueblos originarios: es el Estado que m\u00e1s territorio ha reintegrado a las comunidades abor\u00edgenes\u201d, asegur\u00f3.<\/p>\n<h6>Fuente: El Litoral, Santa Fe<\/h6>\n","protected":false},"excerpt":{"rendered":"<p>El gobierno provincial har\u00e1 entrega de tierras a ocho comunidades, en el marco del proceso de reparaci\u00f3n hist\u00f3rica, que ya cuenta con m\u00e1s de 11 mil hect\u00e1reas restituidas en toda la provincia. La provincia de Santa Fe resolvi\u00f3 ayer la entrega de tierras fiscales a pueblos abor\u00edgenes de la costa santafesina, en el marco de<\/p>\n","protected":false},"author":2,"featured_media":21231,"comment_status":"closed","ping_status":"closed","sticky":false,"template":"","format":"standard","meta":{"footnotes":""},"categories":[2],"tags":[10],"class_list":["post-21230","post","type-post","status-publish","format-standard","has-post-thumbnail","hentry","category-informe-municipal","tag-santa-fe"],"_links":{"self":[{"href":"http:\/\/argentinamunicipal.com.ar\/argentina\/wp-json\/wp\/v2\/posts\/21230","targetHints":{"allow":["GET"]}}],"collection":[{"href":"http:\/\/argentinamunicipal.com.ar\/argentina\/wp-json\/wp\/v2\/posts"}],"about":[{"href":"http:\/\/argentinamunicipal.com.ar\/argentina\/wp-json\/wp\/v2\/types\/post"}],"author":[{"embeddable":true,"href":"http:\/\/argentinamunicipal.com.ar\/argentina\/wp-json\/wp\/v2\/users\/2"}],"replies":[{"embeddable":true,"href":"http:\/\/argentinamunicipal.com.ar\/argentina\/wp-json\/wp\/v2\/comments?post=21230"}],"version-history":[{"count":0,"href":"http:\/\/argentinamunicipal.com.ar\/argentina\/wp-json\/wp\/v2\/posts\/21230\/revisions"}],"wp:featuredmedia":[{"embeddable":true,"href":"http:\/\/argentinamunicipal.com.ar\/argentina\/wp-json\/wp\/v2\/media\/21231"}],"wp:attachment":[{"href":"http:\/\/argentinamunicipal.com.ar\/argentina\/wp-json\/wp\/v2\/media?parent=21230"}],"wp:term":[{"taxonomy":"category","embeddable":true,"href":"http:\/\/argentinamunicipal.com.ar\/argentina\/wp-json\/wp\/v2\/categories?post=21230"},{"taxonomy":"post_tag","embeddable":true,"href":"http:\/\/argentinamunicipal.com.ar\/argentina\/wp-json\/wp\/v2\/tags?post=21230"}],"curies":[{"name":"wp","href":"https:\/\/api.w.org\/{rel}","templated":true}]}}