{"id":2124,"date":"2014-02-25T14:43:43","date_gmt":"2014-02-25T17:43:43","guid":{"rendered":"http:\/\/argentinamunicipal.com.ar\/argentina\/?p=2124"},"modified":"2014-02-25T14:43:43","modified_gmt":"2014-02-25T17:43:43","slug":"junin-de-los-andes-conflicto-con-municipales-por-el-pago-de-la-fiesta-del-puestero","status":"publish","type":"post","link":"http:\/\/argentinamunicipal.com.ar\/argentina\/junin-de-los-andes-conflicto-con-municipales-por-el-pago-de-la-fiesta-del-puestero\/","title":{"rendered":"Junin de los Andes: Conflicto con municipales por el pago de la Fiesta del Puestero"},"content":{"rendered":"<p><a href=\"http:\/\/argentinamunicipal.com.ar\/argentina\/wp-content\/uploads\/2014\/02\/530bde0fd552f8_322x226.04677318.jpg\"><img loading=\"lazy\" decoding=\"async\" class=\"alignright size-full wp-image-2125\" alt=\"530bde0fd552f8_322x226.04677318\" src=\"http:\/\/argentinamunicipal.com.ar\/argentina\/wp-content\/uploads\/2014\/02\/530bde0fd552f8_322x226.04677318.jpg\" width=\"322\" height=\"226\" srcset=\"http:\/\/argentinamunicipal.com.ar\/argentina\/wp-content\/uploads\/2014\/02\/530bde0fd552f8_322x226.04677318.jpg 322w, http:\/\/argentinamunicipal.com.ar\/argentina\/wp-content\/uploads\/2014\/02\/530bde0fd552f8_322x226.04677318-300x210.jpg 300w\" sizes=\"auto, (max-width: 322px) 100vw, 322px\" \/><\/a>El conflicto entre los trabajadores municipales y el Ejecutivo local por el cobro de los d\u00edas trabajados durante la Fiesta del Puestero contin\u00faa. Ayer, quienes desempe\u00f1an tareas en la Secretar\u00eda de Transporte segu\u00edan de paro, por lo que los vecinos no pueden rendir ex\u00e1menes para sacar el carnet de conducir ni retirar el registro. Tampoco se cobraba el arancel por uso de d\u00e1rsenas a los micros de media y larga distancia que ingresan a la terminal, con el correspondiente perjuicio a los contribuyentes y a las arcas municipales.<\/p>\n<p>Seg\u00fan indic\u00f3 el secretario del gremio UEMJA, Carlos Coracini, \u201cnada cambi\u00f3 desde la semana pasada. Primero nos dijeron que eran alrededor de $1.100 y ahora que son cerca de $700, porque hay m\u00e1s de las previstas, cosa que no es nuestro problema ya que no tenemos que hacernos cargo de sus compromisos\u201d. Adem\u00e1s, el sindicalista sostuvo que \u201cdicen que tienen todos los n\u00fameros claros, as\u00ed que vamos a intentar que el intendente Juan Linares nos reciba en el d\u00eda de ma\u00f1ana (por hoy) a ver qu\u00e9 sale de todo esto\u201d.<\/p>\n<p>Desde el otro lado del mostrador, el secretario de Hacienda de la comuna, Luciano Casajus, explic\u00f3 que \u201cen primer lugar se debe decir que este paro no tiene raz\u00f3n de ser y que hay un fuerte trasfondo pol\u00edtico en toda esta medida impulsada por el secretario de UEMJA\u201d.<\/p>\n<p>El funcionario municipal indic\u00f3 que \u201cantes de empezar la fiesta quedamos en que cada una de las cuatro secretar\u00edas pon\u00eda ocho personas, las cuales se iban a destinar a cobrar a los puesteros por el espacio que utilizaban y que del monto de la recaudaci\u00f3n se repartir\u00eda el cinco por ciento entre los 32 trabajadores\u201d.<\/p>\n<p>Seg\u00fan Casajus, en primer lugar \u201cpocos trabajadores se presentaron el d\u00eda y a la hora convenida para comenzar con las tareas, pero m\u00e1s all\u00e1 de eso se continu\u00f3 con la pactado\u201d.<\/p>\n<p>En total, se recaudaron $984 mil, de ese monto el cinco por ciento representan $49.200, es decir que a cada uno de los 32 trabajadores previstos le tocar\u00eda aproximadamente $1.537,50 que deber\u00edan ser cobrados con los haberes de febrero, los primeros d\u00edas de marzo. Sin embargo, tras la fiesta empezaron los problemas.<\/p>\n<p>Consultado al respecto, Casajus dijo que \u201ccuando pedimos la lista de las personas para saber a qui\u00e9n deb\u00edamos liquidarle el dinero, vemos que en total hay 66 en lugar de 32; es decir, m\u00e1s del doble, por lo que el monto total se debe repartir entre todos, lo que da por resultado unos $750 pesos por persona, que se deben abonar como horas extras con los sueldos de febrero\u201d.<\/p>\n<p>\u201cFue aqu\u00ed cuando Coracini me trat\u00f3 de ladr\u00f3n, de que me hab\u00eda quedado con dinero de la fiesta, porque se hab\u00edan recaudado dos millones de pesos. Ante estas afirmaciones, sin insultarlo ni amenazarlo o agredirlo, como \u00e9l dice, le dije que era un mentiroso y que lo que buscaba era sacar r\u00e9dito pol\u00edtico porque es precandidato a intendente por el MPN para el 2015\u201d, agreg\u00f3 el funcionario municipal, quien adem\u00e1s indic\u00f3 que se present\u00f3 ante la Justicia para ponerse a disposici\u00f3n de la fiscal\u00eda, habida cuenta de los dichos de Coracini.<\/p>\n<h6>Fuente: La Ma\u00f1ana Neuquen<\/h6>\n","protected":false},"excerpt":{"rendered":"<p>El conflicto entre los trabajadores municipales y el Ejecutivo local por el cobro de los d\u00edas trabajados durante la Fiesta del Puestero contin\u00faa. Ayer, quienes desempe\u00f1an tareas en la Secretar\u00eda de Transporte segu\u00edan de paro, por lo que los vecinos no pueden rendir ex\u00e1menes para sacar el carnet de conducir ni retirar el registro. Tampoco<\/p>\n","protected":false},"author":2,"featured_media":2125,"comment_status":"closed","ping_status":"closed","sticky":false,"template":"","format":"standard","meta":{"footnotes":""},"categories":[7],"tags":[23],"class_list":["post-2124","post","type-post","status-publish","format-standard","has-post-thumbnail","hentry","category-informe-sindical","tag-neuquen"],"_links":{"self":[{"href":"http:\/\/argentinamunicipal.com.ar\/argentina\/wp-json\/wp\/v2\/posts\/2124","targetHints":{"allow":["GET"]}}],"collection":[{"href":"http:\/\/argentinamunicipal.com.ar\/argentina\/wp-json\/wp\/v2\/posts"}],"about":[{"href":"http:\/\/argentinamunicipal.com.ar\/argentina\/wp-json\/wp\/v2\/types\/post"}],"author":[{"embeddable":true,"href":"http:\/\/argentinamunicipal.com.ar\/argentina\/wp-json\/wp\/v2\/users\/2"}],"replies":[{"embeddable":true,"href":"http:\/\/argentinamunicipal.com.ar\/argentina\/wp-json\/wp\/v2\/comments?post=2124"}],"version-history":[{"count":0,"href":"http:\/\/argentinamunicipal.com.ar\/argentina\/wp-json\/wp\/v2\/posts\/2124\/revisions"}],"wp:featuredmedia":[{"embeddable":true,"href":"http:\/\/argentinamunicipal.com.ar\/argentina\/wp-json\/wp\/v2\/media\/2125"}],"wp:attachment":[{"href":"http:\/\/argentinamunicipal.com.ar\/argentina\/wp-json\/wp\/v2\/media?parent=2124"}],"wp:term":[{"taxonomy":"category","embeddable":true,"href":"http:\/\/argentinamunicipal.com.ar\/argentina\/wp-json\/wp\/v2\/categories?post=2124"},{"taxonomy":"post_tag","embeddable":true,"href":"http:\/\/argentinamunicipal.com.ar\/argentina\/wp-json\/wp\/v2\/tags?post=2124"}],"curies":[{"name":"wp","href":"https:\/\/api.w.org\/{rel}","templated":true}]}}