{"id":21245,"date":"2014-12-16T08:18:30","date_gmt":"2014-12-16T11:18:30","guid":{"rendered":"http:\/\/argentinamunicipal.com.ar\/argentina\/?p=21245"},"modified":"2014-12-16T08:18:30","modified_gmt":"2014-12-16T11:18:30","slug":"bariloche-nacion-y-municipio-planean-construir-una-mini-tecnopolis-en-la-isla-huemul","status":"publish","type":"post","link":"http:\/\/argentinamunicipal.com.ar\/argentina\/bariloche-nacion-y-municipio-planean-construir-una-mini-tecnopolis-en-la-isla-huemul\/","title":{"rendered":"Bariloche: Naci\u00f3n y Municipio planean construir una \u201cmini\u201d Tecn\u00f3polis en la Isla Huemul"},"content":{"rendered":"<p><a href=\"http:\/\/argentinamunicipal.com.ar\/argentina\/wp-content\/uploads\/2014\/12\/huemul0.jpg\"><img loading=\"lazy\" decoding=\"async\" class=\"aligncenter  wp-image-21246\" src=\"http:\/\/argentinamunicipal.com.ar\/argentina\/wp-content\/uploads\/2014\/12\/huemul0.jpg\" alt=\"huemul0\" width=\"599\" height=\"449\" srcset=\"http:\/\/argentinamunicipal.com.ar\/argentina\/wp-content\/uploads\/2014\/12\/huemul0.jpg 900w, http:\/\/argentinamunicipal.com.ar\/argentina\/wp-content\/uploads\/2014\/12\/huemul0-300x225.jpg 300w\" sizes=\"auto, (max-width: 599px) 100vw, 599px\" \/><\/a><br \/>\nAs\u00ed lo confirm\u00f3 la intendenta a El Cordillerano. Se busca reflotar una excursi\u00f3n lacustre desde el puerto San Carlos que reafirme toda la historia de la isla y que se destaque la labor barilochense en materia de ciencia y tecnolog\u00eda.<\/p>\n<p>La jefa comunal Mar\u00eda Eugenia Martini indic\u00f3 que la Municipalidad est\u00e1 trabajando junto al Ministerio de Turismo de la Naci\u00f3n y a la Administraci\u00f3n de Parques Nacionales en la construcci\u00f3n de un proyecto de una \u201cpeque\u00f1a Tecn\u00f3polis\u201d en la isla Huemul.<\/p>\n<p>\u201cCreemos que la isla Huemul es otro atractivo tur\u00edstico mas que tiene nuestra ciudad. La idea que estamos elaborando, es que se puedan ver all\u00ed las replicas de los radares, los sat\u00e9lites y todo el trabajo de tecnolog\u00eda que se realiza en nuestra ciudad\u201d, dijo Martini.<\/p>\n<p>\u201cQueremos que sea en la isla, es que un lugar que tanto tiene que ver con la ciencia y la tecnolog\u00eda y que es el origen de Bariloche en ese rubro\u201d, agreg\u00f3. Se espera que tanto Invap como el Instituto Balseiro participen de manera activa en este proyecto.<\/p>\n<p>Al respecto, Martini sostuvo que esta semana visitar\u00e1 la isla junto a Prefectura Naval junto a los t\u00e9cnicos de la comuna, aunque aclar\u00f3 que el personal del Ministerio de Turismo de la Naci\u00f3n ya estuvo evaluando la zona y se llevaron conclusiones muy positivas como para desarrollar all\u00ed la mini Tecn\u00f3polis.<\/p>\n<p>Desde hace a\u00f1os que la isla Huemul est\u00e1 \u201ccerrada\u201d a turistas y residentes. Las excursiones que en los 90 sal\u00edan desde el puerto san Carlos han quedado en el recuerdo y todas las ideas que surgieron quedaron en s\u00f3lo eso. Por eso, se espera la soluci\u00f3n del conflicto en el puerto San Carlos para comenzar a explotar nuevamente ese fant\u00e1stico destino.<\/p>\n<p>Sin dudas que uno de los desaf\u00edos m\u00e1s grandes que tiene Bariloche como destino tur\u00edstico, es la generaci\u00f3n de nuevas alternativas hacia el visitante. La ciudad est\u00e1 enclavada en un entorno natural maravilloso, pero parece que el hombre solo se ha encargado de explotarlo de manera b\u00e1sica y sin muchas ideas m\u00e1s.<\/p>\n<p>Es por eso y en la b\u00fasqueda de un m\u00e1s alto flujo de turistas, que Bariloche requiere de la reactivaci\u00f3n del puerto San Carlos.<\/p>\n<h6>Fuente: El Cordillerano<\/h6>\n","protected":false},"excerpt":{"rendered":"<p>As\u00ed lo confirm\u00f3 la intendenta a El Cordillerano. Se busca reflotar una excursi\u00f3n lacustre desde el puerto San Carlos que reafirme toda la historia de la isla y que se destaque la labor barilochense en materia de ciencia y tecnolog\u00eda. La jefa comunal Mar\u00eda Eugenia Martini indic\u00f3 que la Municipalidad est\u00e1 trabajando junto al Ministerio<\/p>\n","protected":false},"author":2,"featured_media":21246,"comment_status":"closed","ping_status":"closed","sticky":false,"template":"","format":"standard","meta":{"footnotes":""},"categories":[2],"tags":[11],"class_list":["post-21245","post","type-post","status-publish","format-standard","has-post-thumbnail","hentry","category-informe-municipal","tag-rio-negro"],"_links":{"self":[{"href":"http:\/\/argentinamunicipal.com.ar\/argentina\/wp-json\/wp\/v2\/posts\/21245","targetHints":{"allow":["GET"]}}],"collection":[{"href":"http:\/\/argentinamunicipal.com.ar\/argentina\/wp-json\/wp\/v2\/posts"}],"about":[{"href":"http:\/\/argentinamunicipal.com.ar\/argentina\/wp-json\/wp\/v2\/types\/post"}],"author":[{"embeddable":true,"href":"http:\/\/argentinamunicipal.com.ar\/argentina\/wp-json\/wp\/v2\/users\/2"}],"replies":[{"embeddable":true,"href":"http:\/\/argentinamunicipal.com.ar\/argentina\/wp-json\/wp\/v2\/comments?post=21245"}],"version-history":[{"count":0,"href":"http:\/\/argentinamunicipal.com.ar\/argentina\/wp-json\/wp\/v2\/posts\/21245\/revisions"}],"wp:featuredmedia":[{"embeddable":true,"href":"http:\/\/argentinamunicipal.com.ar\/argentina\/wp-json\/wp\/v2\/media\/21246"}],"wp:attachment":[{"href":"http:\/\/argentinamunicipal.com.ar\/argentina\/wp-json\/wp\/v2\/media?parent=21245"}],"wp:term":[{"taxonomy":"category","embeddable":true,"href":"http:\/\/argentinamunicipal.com.ar\/argentina\/wp-json\/wp\/v2\/categories?post=21245"},{"taxonomy":"post_tag","embeddable":true,"href":"http:\/\/argentinamunicipal.com.ar\/argentina\/wp-json\/wp\/v2\/tags?post=21245"}],"curies":[{"name":"wp","href":"https:\/\/api.w.org\/{rel}","templated":true}]}}