{"id":21271,"date":"2014-12-17T08:33:48","date_gmt":"2014-12-17T11:33:48","guid":{"rendered":"http:\/\/argentinamunicipal.com.ar\/argentina\/?p=21271"},"modified":"2014-12-17T08:33:48","modified_gmt":"2014-12-17T11:33:48","slug":"el-gobernador-de-chubut-prohibio-por-decreto-toda-actividad-minera-en-la-cordillera","status":"publish","type":"post","link":"http:\/\/argentinamunicipal.com.ar\/argentina\/el-gobernador-de-chubut-prohibio-por-decreto-toda-actividad-minera-en-la-cordillera\/","title":{"rendered":"El Gobernador de Chubut\u00a0prohibi\u00f3 por decreto toda actividad minera en la cordillera"},"content":{"rendered":"<p><a href=\"http:\/\/argentinamunicipal.com.ar\/argentina\/wp-content\/uploads\/2014\/12\/Mineria000.jpg\"><img loading=\"lazy\" decoding=\"async\" class=\"alignleft size-full wp-image-21272\" src=\"http:\/\/argentinamunicipal.com.ar\/argentina\/wp-content\/uploads\/2014\/12\/Mineria000.jpg\" alt=\"Mineria000\" width=\"448\" height=\"251\" srcset=\"http:\/\/argentinamunicipal.com.ar\/argentina\/wp-content\/uploads\/2014\/12\/Mineria000.jpg 448w, http:\/\/argentinamunicipal.com.ar\/argentina\/wp-content\/uploads\/2014\/12\/Mineria000-300x168.jpg 300w\" sizes=\"auto, (max-width: 448px) 100vw, 448px\" \/><\/a>Particularmente en la cordillera no fue bien recibida la decisi\u00f3n de diputados del oficialismo de habilitar consultas populares por regiones por la actividad minera metal\u00edfera.<\/p>\n<p>Un grupo de ambientalistas se manifest\u00f3 ayer durante un acto oficial en Cholila. Fue all\u00ed donde el gobernador Mart\u00edn Buzzi anunci\u00f3 la firma de un decreto prohibiendo toda actividad vinculada con la miner\u00eda en la Comarca Andina. Refrend\u00f3 el plebiscito de 2003 y la decisi\u00f3n de los vecinos.<\/p>\n<p>Unicamente con otra consulta popular se puede modificar. \u00abComo Gobernador de la provincia doy por v\u00e1lido, actual y refrendado el acto del 2003\u00bb, enfatiz\u00f3 ayer Buzzi durante un acto en Cholila, en referencia a lo que fue el plebiscito de aquel a\u00f1o donde la comunidad cordillerana rechaz\u00f3 contundentemente la activdidad minera. Para que no haya lugar a especulaciones sobre el alcance de la determinaci\u00f3n, el gobernador subray\u00f3: \u00abVoy a estar firmando un decreto donde excluyo por completo cualquier posibilidad de actividad minera en la Comarca. A partir de hoy queda exclusivamente prohibida la actividad minera en la Cordillera\u00bb. Adem\u00e1s, dijo que el alcance del decreto involucra \u00aba la Comarca de Los Andes completa, desde Lago Puelo hasta R\u00edo Pico inclusive. Una Comarca que ha ido definiendo un estilo de vida\u00bb.<\/p>\n<p>El anuncio lo hizo el Gobernador al encabezar el acto central por el 70\u00ba aniversario de Cholila, y frente a un grupo de vecinos que cuestionaron la votaci\u00f3n en la Legislatura de la ley que modific\u00f3 el proyecto de Iniciativa Popular y habilit\u00f3 la posibilidad de la miner\u00eda, previa realizaci\u00f3n de consultas populares vinculantes por regi\u00f3n. \u00abLo que dice la ley es que hay que promover el debate, la regulaci\u00f3n y la discusi\u00f3n sobre el tema\u00bb, dijo Buzzi tratando de reafirmar ante los vecinos cordilleranos que su aprobaci\u00f3n no signific\u00f3 directamente habilitar la miner\u00eda.<\/p>\n<p>\u00abLA GENTE YA SE PRONUNCIO\u00bb \u00abLa propia comunidad de la Comarca ha dicho con todas la letras que no quiere la miner\u00eda\u00bb, record\u00f3 Buzzi en referencia a lo que fue el plebiscito de 2003. Y agreg\u00f3 que \u00abla gente ya se pronunci\u00f3 con absoluta claridad en distintas comunidades de la Comarca\u00bb. \u00abEl 23 de marzo de 2003 se efectu\u00f3 un plebiscito en la ciudad de Esquel.<\/p>\n<p>En ese momento 11.046 vecinos votaron por el \u2018No\u2019 al proyecto minero mientras que 2.561 dijeron que \u2018S\u00ed\u2019. Fue un mensaje realmente contundente, donde el 81% dijo que no\u00bb, record\u00f3 el mandatario. Pero adem\u00e1s subray\u00f3 que no s\u00f3lo en Esquel hubo pronunciamientos en ese sentido, sino que casos similares ocurrieron en Lago Puelo, donde 766 personas se expresaron por la negativa a la megaminer\u00eda y tan solo 2 a favor. \u00abEn Epuy\u00e9n votaron que \u2018No\u2019 al proyecto minero 541 ciudadanos y que \u2018S\u00ed\u2019 nada m\u00e1s que 9&#8243;, ampli\u00f3.<\/p>\n<h6>Fuente: El Chubut<\/h6>\n","protected":false},"excerpt":{"rendered":"<p>Particularmente en la cordillera no fue bien recibida la decisi\u00f3n de diputados del oficialismo de habilitar consultas populares por regiones por la actividad minera metal\u00edfera. Un grupo de ambientalistas se manifest\u00f3 ayer durante un acto oficial en Cholila. Fue all\u00ed donde el gobernador Mart\u00edn Buzzi anunci\u00f3 la firma de un decreto prohibiendo toda actividad vinculada<\/p>\n","protected":false},"author":2,"featured_media":21272,"comment_status":"closed","ping_status":"closed","sticky":false,"template":"","format":"standard","meta":{"footnotes":""},"categories":[4],"tags":[14],"class_list":["post-21271","post","type-post","status-publish","format-standard","has-post-thumbnail","hentry","category-informe-politico","tag-chubut"],"_links":{"self":[{"href":"http:\/\/argentinamunicipal.com.ar\/argentina\/wp-json\/wp\/v2\/posts\/21271","targetHints":{"allow":["GET"]}}],"collection":[{"href":"http:\/\/argentinamunicipal.com.ar\/argentina\/wp-json\/wp\/v2\/posts"}],"about":[{"href":"http:\/\/argentinamunicipal.com.ar\/argentina\/wp-json\/wp\/v2\/types\/post"}],"author":[{"embeddable":true,"href":"http:\/\/argentinamunicipal.com.ar\/argentina\/wp-json\/wp\/v2\/users\/2"}],"replies":[{"embeddable":true,"href":"http:\/\/argentinamunicipal.com.ar\/argentina\/wp-json\/wp\/v2\/comments?post=21271"}],"version-history":[{"count":0,"href":"http:\/\/argentinamunicipal.com.ar\/argentina\/wp-json\/wp\/v2\/posts\/21271\/revisions"}],"wp:featuredmedia":[{"embeddable":true,"href":"http:\/\/argentinamunicipal.com.ar\/argentina\/wp-json\/wp\/v2\/media\/21272"}],"wp:attachment":[{"href":"http:\/\/argentinamunicipal.com.ar\/argentina\/wp-json\/wp\/v2\/media?parent=21271"}],"wp:term":[{"taxonomy":"category","embeddable":true,"href":"http:\/\/argentinamunicipal.com.ar\/argentina\/wp-json\/wp\/v2\/categories?post=21271"},{"taxonomy":"post_tag","embeddable":true,"href":"http:\/\/argentinamunicipal.com.ar\/argentina\/wp-json\/wp\/v2\/tags?post=21271"}],"curies":[{"name":"wp","href":"https:\/\/api.w.org\/{rel}","templated":true}]}}