{"id":21286,"date":"2014-12-17T08:54:39","date_gmt":"2014-12-17T11:54:39","guid":{"rendered":"http:\/\/argentinamunicipal.com.ar\/argentina\/?p=21286"},"modified":"2014-12-17T08:54:39","modified_gmt":"2014-12-17T11:54:39","slug":"avellaneda-fue-reconocida-como-la-primera-ciudad-santafesina-responsable-en-salud","status":"publish","type":"post","link":"http:\/\/argentinamunicipal.com.ar\/argentina\/avellaneda-fue-reconocida-como-la-primera-ciudad-santafesina-responsable-en-salud\/","title":{"rendered":"Avellaneda fue reconocida como la primera ciudad santafesina responsable en Salud"},"content":{"rendered":"<div id=\"attachment_21287\" style=\"width: 710px\" class=\"wp-caption aligncenter\"><a href=\"http:\/\/argentinamunicipal.com.ar\/argentina\/wp-content\/uploads\/2014\/12\/municipio-saludable-700x327.jpg\"><img loading=\"lazy\" decoding=\"async\" aria-describedby=\"caption-attachment-21287\" class=\"size-full wp-image-21287\" src=\"http:\/\/argentinamunicipal.com.ar\/argentina\/wp-content\/uploads\/2014\/12\/municipio-saludable-700x327.jpg\" alt=\"En la sede municipal, tuvo lugar la reuni\u00f3n evaluativa con funcionarios de la Organizaci\u00f3n Panamericana de la Salud.\" width=\"700\" height=\"327\" srcset=\"http:\/\/argentinamunicipal.com.ar\/argentina\/wp-content\/uploads\/2014\/12\/municipio-saludable-700x327.jpg 700w, http:\/\/argentinamunicipal.com.ar\/argentina\/wp-content\/uploads\/2014\/12\/municipio-saludable-700x327-300x140.jpg 300w\" sizes=\"auto, (max-width: 700px) 100vw, 700px\" \/><\/a><p id=\"caption-attachment-21287\" class=\"wp-caption-text\">En la sede municipal, tuvo lugar la reuni\u00f3n evaluativa con funcionarios de la Organizaci\u00f3n Panamericana de la Salud.<\/p><\/div>\n<p>La distinci\u00f3n fue otorgada por la Organizaci\u00f3n Panamericana de la Salud (OPS), dentro del Programa Nacional Municipios y Comunidades Responsables. Es por los avances en las capacidades de gesti\u00f3n local en materia de salud.<\/p>\n<p>El gobierno de Avellaneda, a trav\u00e9s del \u00c1rea de Coordinaci\u00f3n de Programas de Salud, inform\u00f3 con satisfacci\u00f3n que Avellaneda fue reconocida como la primera ciudad de la provincia de Santa Fe en acreditar la categor\u00eda Municipio Responsable en Salud, en el marco del Programa Nacional Municipios y Comunidades Responsables.<\/p>\n<p>Esta acreditaci\u00f3n, que certifica los avances en las capacidades de gesti\u00f3n local de salud, se obtuvo luego de completar un proceso de evaluaci\u00f3n externa a cargo de la Organizaci\u00f3n Panamericana de la Salud (OPS), cuyos representantes fueron recibidos en la ciudad.<\/p>\n<p>La evaluaci\u00f3n comprendi\u00f3 entrevistas con funcionarios y equipos t\u00e9cnicos, con la Mesa de Trabajo Intersectorial, observaci\u00f3n de proyectos en curso, visita a la Sala de Situaci\u00f3n de Salud Local y el registro de diversas actividades por parte del equipo evaluador de la OPS.<\/p>\n<p>\u201cNuestro compromiso es seguir trabajando para lograr una mejor calidad de vida de la comunidad. Por eso, apostamos al deporte, obras y servicios de excelencia, la generaci\u00f3n de fuentes de empleo, el desarrollo integral de la persona, entre otros aspectos\u201d, afirm\u00f3 el intendente Dionisio Scarp\u00edn, al respecto del logro que ubica a este distrito en el puesto \u00fanico hasta ahora en el territorio provincial.<\/p>\n<p>El mandatario explic\u00f3 que para lograr los objetivos propuestos por el programa, los municipios evaluados deben \u201cpromover normativas, programas y proyectos para favorecer la actividad f\u00edsica, la alimentaci\u00f3n saludable, el cuidado del medio ambiente, la atenci\u00f3n y cuidado de salud sexual y reproductiva\u201d, actividades preventivas y de atenci\u00f3n m\u00e9dica, odontol\u00f3gica y veterinaria, entre otras iniciativas para mejorar la salud de las comunidades, incentivando la participaci\u00f3n social.<\/p>\n<p>\u201cEstamos orgullosos del trabajo a conciencia que estamos realizando y que es fruto de una planificaci\u00f3n estrat\u00e9gica de la salud, con equipos capacitados y con fuerte respaldo pol\u00edtico e institucional de cada una de las acciones que se emprenden\u201d, complet\u00f3.<\/p>\n<h3>Residuos<\/h3>\n<p>El intendente Scarp\u00edn encabez\u00f3 en el Auditorio municipal, el 2\u00ba Forum del Proyecto Coesi para la Gesti\u00f3n de los Residuos S\u00f3lidos Urbanos. El encuentro cont\u00f3 con la presencia de su par en Reconquista, Jacinto Speranza y los presidentes comunales de Guadalupe Norte, H\u00e9ctor Zat, y de Nicanor Molinas, Roberto Giuliani, integrantes del consorcio Regi\u00f3n Limpia, una delegaci\u00f3n de funcionarios y t\u00e9cnicos italianos y p\u00fablico en general.<\/p>\n<p>\u201cAvellaneda es una ciudad ejemplo en varios sentidos, con buenos servicios, obras y espacios p\u00fablicos pero que necesitaba dar un salto cualitativo para modernizarse en distintos aspectos. Algunos ten\u00edan que ver con c\u00e1maras de seguridad, Wifi en los espacios p\u00fablicos, remodelaci\u00f3n del edificio del municipio y tambi\u00e9n con el proyecto de Gesti\u00f3n de sus Residuos S\u00f3lidos Urbanos\u201d, destac\u00f3 el jefe de gobierno local, y agreg\u00f3: \u201cNo podemos trascender si no tratamos adecuadamente nuestros residuos. Sabemos que es dif\u00edcil, que se requieren importantes inversiones pero estamos convencidos de que nuestra comunidad est\u00e1 preparada cumplir ese objetivo\u201d.<\/p>\n<p>Al finalizar su discurso, afirm\u00f3 que \u201cla decisi\u00f3n est\u00e1 tomada. En 2015, comenzaremos con la recolecci\u00f3n diferenciada y el tratamiento de los residuos s\u00f3lidos\u201d.<\/p>\n<p>Scarp\u00edn agradeci\u00f3 a la Regi\u00f3n del Friuli, Venecia-Giulia (Italia), que \u201cacept\u00f3 trabajar junto a nosotros; al gobierno provincial, por su aporte y acompa\u00f1amiento; al intendente de Reconquista y comunas vecinas; a la Mesa de Acci\u00f3n Ciudadana para el Ambiente, por su trabajo desinteresado\u201d, y a las instituciones comprometidas en este desaf\u00edo.<\/p>\n<p>El acto cont\u00f3 adem\u00e1s con el discurso del viceintendente de Fiumicello (Italia), Claudio Pizz\u00edn, y la firma del Acuerdo compromiso del Consorcio Regi\u00f3n limpia, una actividad a cargo de la Mesa ciudadana de acci\u00f3n para el ambiente, la proyecci\u00f3n de un video y la actuaci\u00f3n del taller de teatro y del coro infantil municipal.<\/p>\n<p><strong>El dato<\/strong><\/p>\n<h3>Convenio<\/h3>\n<p>El intendente Dionisio Scarp\u00edn firm\u00f3 con el ministro de Gobierno y Reforma del Estado, Rub\u00e9n Galassi, un convenio marco correspondiente a la segunda etapa del programa Planes Base en Ciudades Intermedias. Esta iniciativa, que el gobierno provincial lleva adelante junto con la Unesco, apunta a la planificaci\u00f3n y ordenamiento del territorio santafesino.<\/p>\n<p>Estuvieron presentes el ministro de Obras P\u00fablicas y Vivienda, Julio Schneider, el secretario de Regiones, Municipios y Comunas, Horacio Ghirardi; el senador Orfilio Marc\u00f3n, y representantes de Unesco.<\/p>\n<h6>Fuente: El Litoral, Santa Fe<\/h6>\n","protected":false},"excerpt":{"rendered":"<p>La distinci\u00f3n fue otorgada por la Organizaci\u00f3n Panamericana de la Salud (OPS), dentro del Programa Nacional Municipios y Comunidades Responsables. Es por los avances en las capacidades de gesti\u00f3n local en materia de salud. El gobierno de Avellaneda, a trav\u00e9s del \u00c1rea de Coordinaci\u00f3n de Programas de Salud, inform\u00f3 con satisfacci\u00f3n que Avellaneda fue reconocida<\/p>\n","protected":false},"author":2,"featured_media":21287,"comment_status":"closed","ping_status":"closed","sticky":false,"template":"","format":"standard","meta":{"footnotes":""},"categories":[2],"tags":[10],"class_list":["post-21286","post","type-post","status-publish","format-standard","has-post-thumbnail","hentry","category-informe-municipal","tag-santa-fe"],"_links":{"self":[{"href":"http:\/\/argentinamunicipal.com.ar\/argentina\/wp-json\/wp\/v2\/posts\/21286","targetHints":{"allow":["GET"]}}],"collection":[{"href":"http:\/\/argentinamunicipal.com.ar\/argentina\/wp-json\/wp\/v2\/posts"}],"about":[{"href":"http:\/\/argentinamunicipal.com.ar\/argentina\/wp-json\/wp\/v2\/types\/post"}],"author":[{"embeddable":true,"href":"http:\/\/argentinamunicipal.com.ar\/argentina\/wp-json\/wp\/v2\/users\/2"}],"replies":[{"embeddable":true,"href":"http:\/\/argentinamunicipal.com.ar\/argentina\/wp-json\/wp\/v2\/comments?post=21286"}],"version-history":[{"count":0,"href":"http:\/\/argentinamunicipal.com.ar\/argentina\/wp-json\/wp\/v2\/posts\/21286\/revisions"}],"wp:featuredmedia":[{"embeddable":true,"href":"http:\/\/argentinamunicipal.com.ar\/argentina\/wp-json\/wp\/v2\/media\/21287"}],"wp:attachment":[{"href":"http:\/\/argentinamunicipal.com.ar\/argentina\/wp-json\/wp\/v2\/media?parent=21286"}],"wp:term":[{"taxonomy":"category","embeddable":true,"href":"http:\/\/argentinamunicipal.com.ar\/argentina\/wp-json\/wp\/v2\/categories?post=21286"},{"taxonomy":"post_tag","embeddable":true,"href":"http:\/\/argentinamunicipal.com.ar\/argentina\/wp-json\/wp\/v2\/tags?post=21286"}],"curies":[{"name":"wp","href":"https:\/\/api.w.org\/{rel}","templated":true}]}}