{"id":21289,"date":"2014-12-17T08:59:05","date_gmt":"2014-12-17T11:59:05","guid":{"rendered":"http:\/\/argentinamunicipal.com.ar\/argentina\/?p=21289"},"modified":"2014-12-17T08:59:05","modified_gmt":"2014-12-17T11:59:05","slug":"el-gobierno-entrego-al-intendente-de-santa-fe-8-millones-para-el-parque-de-la-constitucion","status":"publish","type":"post","link":"http:\/\/argentinamunicipal.com.ar\/argentina\/el-gobierno-entrego-al-intendente-de-santa-fe-8-millones-para-el-parque-de-la-constitucion\/","title":{"rendered":"El Gobierno entreg\u00f3 al Intendente de Santa Fe $8 millones para el Parque de la Constituci\u00f3n"},"content":{"rendered":"<div id=\"attachment_21290\" style=\"width: 694px\" class=\"wp-caption aligncenter\"><a href=\"http:\/\/argentinamunicipal.com.ar\/argentina\/wp-content\/uploads\/2014\/12\/2-final.jpg\"><img loading=\"lazy\" decoding=\"async\" aria-describedby=\"caption-attachment-21290\" class=\" wp-image-21290\" src=\"http:\/\/argentinamunicipal.com.ar\/argentina\/wp-content\/uploads\/2014\/12\/2-final.jpg\" alt=\"Ejemplo. El dise\u00f1o del museo se planific\u00f3 para que pueda convivir con las crecidas del r\u00edo. \" width=\"684\" height=\"294\" srcset=\"http:\/\/argentinamunicipal.com.ar\/argentina\/wp-content\/uploads\/2014\/12\/2-final.jpg 800w, http:\/\/argentinamunicipal.com.ar\/argentina\/wp-content\/uploads\/2014\/12\/2-final-300x129.jpg 300w\" sizes=\"auto, (max-width: 684px) 100vw, 684px\" \/><\/a><p id=\"caption-attachment-21290\" class=\"wp-caption-text\">Ejemplo. El dise\u00f1o del museo se planific\u00f3 para que pueda convivir con las crecidas del r\u00edo.<\/p><\/div>\n<p>Es una parte de los fondos que va a aportar la provincia para financiar la construcci\u00f3n del Museo de la Constituci\u00f3n en el predio de Caleta Sur.<\/p>\n<p>El gobernador Antonio Bonfatti entreg\u00f3 ayer al intendente Jos\u00e9 Corral un aporte de $8 millones destinado a la construcci\u00f3n del Centro de Interpretaci\u00f3n y Museo de la Constituci\u00f3n, la segunda etapa del parque que se est\u00e1 desarrollando en el predio de Caleta Sur. \u201cTenemos el privilegio y orgullo de que nuestra capital haya sido sede de varias Constituyentes y creo que ser\u00e1 un espacio que va a aportar al desarrollo de la ciudad\u201d, sostuvo el gobernador.<\/p>\n<p>Estos recursos son una parte de los 24,5 millones de pesos que la provincia se comprometi\u00f3 a aportar en agosto, para financiar el grueso de una obra que tiene un presupuesto oficial de 30 millones de pesos (se licit\u00f3 a finales de octubre y se presentaron cuatro ofertas). \u201cNo es menor que estemos apoyando al municipio en este proyecto que nos parece fant\u00e1stico rescatar: un espacio dedicado a la Constituci\u00f3n Argentina\u201d, destac\u00f3 Bonfatti.<\/p>\n<p>El proyecto del museo fue desarrollado por el municipio y el reconocido especialista H\u00e9ctor Berra, quien planific\u00f3 m\u00e1s de 40 museos en la Argentina y otros pa\u00edses, junto con la colaboraci\u00f3n de la asociaci\u00f3n civil Pro Parque Biblioteca de la Constituci\u00f3n Nacional. Contar\u00e1 con diez salas y un microcine con capacidad para 300 personas.<\/p>\n<p>Se trata de una construcci\u00f3n horizontal de 2.000 metros cuadrados, que se planific\u00f3 para que pueda \u201cconvivir\u201d con las crecidas del r\u00edo. Es un centro de interpretaci\u00f3n, en el que con tecnolog\u00eda de punta se narrar\u00e1 la historia de la Constituci\u00f3n, comenzando por los primeros \u201cpactos\u201d de los hombres, como el C\u00f3digo de Hammurabi, el contexto hist\u00f3rico en el que surgi\u00f3 la Carta Magna y hasta las caracter\u00edsticas de la ciudad de Santa Fe en 1853, a partir de una enorme maqueta animada de 9 metros, entre muchas otras atracciones.<\/p>\n<p>En el predio de Caleta Sur, en mayo se inaugur\u00f3 la primera etapa del Parque de la Constituci\u00f3n. Se construy\u00f3 una plaza c\u00edvica con tres pilares que representan los diferentes poderes del Estado. Tienen 16 metros de alto y 80 toneladas de peso. La segunda etapa es la construcci\u00f3n del museo y centro de interpretaci\u00f3n -que se est\u00e1 impulsando ahora- y la tercera, la obra de la biblioteca.<\/p>\n<h6>Fuente: El Litoral, Santa Fe<\/h6>\n","protected":false},"excerpt":{"rendered":"<p>Es una parte de los fondos que va a aportar la provincia para financiar la construcci\u00f3n del Museo de la Constituci\u00f3n en el predio de Caleta Sur. El gobernador Antonio Bonfatti entreg\u00f3 ayer al intendente Jos\u00e9 Corral un aporte de $8 millones destinado a la construcci\u00f3n del Centro de Interpretaci\u00f3n y Museo de la Constituci\u00f3n,<\/p>\n","protected":false},"author":2,"featured_media":21290,"comment_status":"closed","ping_status":"closed","sticky":false,"template":"","format":"standard","meta":{"footnotes":""},"categories":[2],"tags":[10],"class_list":["post-21289","post","type-post","status-publish","format-standard","has-post-thumbnail","hentry","category-informe-municipal","tag-santa-fe"],"_links":{"self":[{"href":"http:\/\/argentinamunicipal.com.ar\/argentina\/wp-json\/wp\/v2\/posts\/21289","targetHints":{"allow":["GET"]}}],"collection":[{"href":"http:\/\/argentinamunicipal.com.ar\/argentina\/wp-json\/wp\/v2\/posts"}],"about":[{"href":"http:\/\/argentinamunicipal.com.ar\/argentina\/wp-json\/wp\/v2\/types\/post"}],"author":[{"embeddable":true,"href":"http:\/\/argentinamunicipal.com.ar\/argentina\/wp-json\/wp\/v2\/users\/2"}],"replies":[{"embeddable":true,"href":"http:\/\/argentinamunicipal.com.ar\/argentina\/wp-json\/wp\/v2\/comments?post=21289"}],"version-history":[{"count":0,"href":"http:\/\/argentinamunicipal.com.ar\/argentina\/wp-json\/wp\/v2\/posts\/21289\/revisions"}],"wp:featuredmedia":[{"embeddable":true,"href":"http:\/\/argentinamunicipal.com.ar\/argentina\/wp-json\/wp\/v2\/media\/21290"}],"wp:attachment":[{"href":"http:\/\/argentinamunicipal.com.ar\/argentina\/wp-json\/wp\/v2\/media?parent=21289"}],"wp:term":[{"taxonomy":"category","embeddable":true,"href":"http:\/\/argentinamunicipal.com.ar\/argentina\/wp-json\/wp\/v2\/categories?post=21289"},{"taxonomy":"post_tag","embeddable":true,"href":"http:\/\/argentinamunicipal.com.ar\/argentina\/wp-json\/wp\/v2\/tags?post=21289"}],"curies":[{"name":"wp","href":"https:\/\/api.w.org\/{rel}","templated":true}]}}