{"id":21292,"date":"2014-12-17T08:20:34","date_gmt":"2014-12-17T11:20:34","guid":{"rendered":"http:\/\/argentinamunicipal.com.ar\/argentina\/?p=21292"},"modified":"2014-12-17T09:02:29","modified_gmt":"2014-12-17T12:02:29","slug":"chilecito-continua-la-toma-del-municipio-por-parte-de-los-pil","status":"publish","type":"post","link":"http:\/\/argentinamunicipal.com.ar\/argentina\/chilecito-continua-la-toma-del-municipio-por-parte-de-los-pil\/","title":{"rendered":"Chilecito: Contin\u00faa la toma del municipio por parte de los PIL"},"content":{"rendered":"<p><a href=\"http:\/\/argentinamunicipal.com.ar\/argentina\/wp-content\/uploads\/2014\/12\/b44ac95c06ddb78ba8e10e3985bb4fd0f7b3af59.jpg\"><img loading=\"lazy\" decoding=\"async\" class=\"alignleft  wp-image-21293\" src=\"http:\/\/argentinamunicipal.com.ar\/argentina\/wp-content\/uploads\/2014\/12\/b44ac95c06ddb78ba8e10e3985bb4fd0f7b3af59.jpg\" alt=\"b44ac95c06ddb78ba8e10e3985bb4fd0f7b3af59\" width=\"511\" height=\"306\" srcset=\"http:\/\/argentinamunicipal.com.ar\/argentina\/wp-content\/uploads\/2014\/12\/b44ac95c06ddb78ba8e10e3985bb4fd0f7b3af59.jpg 635w, http:\/\/argentinamunicipal.com.ar\/argentina\/wp-content\/uploads\/2014\/12\/b44ac95c06ddb78ba8e10e3985bb4fd0f7b3af59-300x179.jpg 300w\" sizes=\"auto, (max-width: 511px) 100vw, 511px\" \/><\/a>Le reclaman al intendente L\u00e1zaro Fonzalida el pase a planta y el pago antes de navidad de un mes de sueldos atrasados. Durante el lunes circul\u00f3 un rumor respecto de un posible desalojo del lugar, pero rein\u00f3 la cordura y finalmente no se dio. Adem\u00e1s, el edificio est\u00e1 vac\u00edo porque los empleados p\u00fablicos ya est\u00e1n de receso.<\/p>\n<p>La fuerte versi\u00f3n que circulaba en la ma\u00f1ana del lunes, sobre un posible desalojo a los empelados PIL municipales, que toman y acampan en el edificio del municipio, finalmente no se concret\u00f3 y los manifestantes contin\u00faan con la medida de protesta.<\/p>\n<p>Desde las primeras horas de la ma\u00f1ana, la versi\u00f3n del desalojo se instal\u00f3 tanto en los medios de comunicaci\u00f3n locales, como en los mismos manifestantes, que ya adelantaba que dejar\u00edan el lugar sin resistirse, pero en caso de no permitirles el acampe en el municipio, se trasladar\u00edan a la plaza Caudillos Federales.<\/p>\n<p>Luego, personal policial comenz\u00f3 a llegar al lugar e incluso del \u00e1rea especial de Infanter\u00eda, con cascos, garrotes y escudos, lo que hac\u00eda prever que el desalojo era inminente, incluso fuentes policiales confirmaban la versi\u00f3n.<\/p>\n<p>Sin embargo, todo transcurri\u00f3 y no hubo novedades, incluso pasado el medio d\u00eda, el personal de Infanter\u00eda abandon\u00f3 el municipio y finalmente la orden nunca lleg\u00f3.<\/p>\n<p>Por ese motivo, hasta este martes, los manifestantes contin\u00faan tomando el municipio y realizando el acampe en los jardines del mismo.<\/p>\n<p>Recordemos que los empleados PIL, reclaman pase a planta municipal y esperan el pago del mes que se les adeuda, que seg\u00fan la promesa del intendente L\u00e1zaro Fonzalida, se concretar\u00eda antes de las fiestas de fin de a\u00f1o.<\/p>\n<h6>Fuente: Rioja Virtual<\/h6>\n","protected":false},"excerpt":{"rendered":"<p>Le reclaman al intendente L\u00e1zaro Fonzalida el pase a planta y el pago antes de navidad de un mes de sueldos atrasados. Durante el lunes circul\u00f3 un rumor respecto de un posible desalojo del lugar, pero rein\u00f3 la cordura y finalmente no se dio. Adem\u00e1s, el edificio est\u00e1 vac\u00edo porque los empleados p\u00fablicos ya est\u00e1n<\/p>\n","protected":false},"author":2,"featured_media":21293,"comment_status":"closed","ping_status":"closed","sticky":false,"template":"","format":"standard","meta":{"footnotes":""},"categories":[7],"tags":[26],"class_list":["post-21292","post","type-post","status-publish","format-standard","has-post-thumbnail","hentry","category-informe-sindical","tag-la-rioja"],"_links":{"self":[{"href":"http:\/\/argentinamunicipal.com.ar\/argentina\/wp-json\/wp\/v2\/posts\/21292","targetHints":{"allow":["GET"]}}],"collection":[{"href":"http:\/\/argentinamunicipal.com.ar\/argentina\/wp-json\/wp\/v2\/posts"}],"about":[{"href":"http:\/\/argentinamunicipal.com.ar\/argentina\/wp-json\/wp\/v2\/types\/post"}],"author":[{"embeddable":true,"href":"http:\/\/argentinamunicipal.com.ar\/argentina\/wp-json\/wp\/v2\/users\/2"}],"replies":[{"embeddable":true,"href":"http:\/\/argentinamunicipal.com.ar\/argentina\/wp-json\/wp\/v2\/comments?post=21292"}],"version-history":[{"count":0,"href":"http:\/\/argentinamunicipal.com.ar\/argentina\/wp-json\/wp\/v2\/posts\/21292\/revisions"}],"wp:featuredmedia":[{"embeddable":true,"href":"http:\/\/argentinamunicipal.com.ar\/argentina\/wp-json\/wp\/v2\/media\/21293"}],"wp:attachment":[{"href":"http:\/\/argentinamunicipal.com.ar\/argentina\/wp-json\/wp\/v2\/media?parent=21292"}],"wp:term":[{"taxonomy":"category","embeddable":true,"href":"http:\/\/argentinamunicipal.com.ar\/argentina\/wp-json\/wp\/v2\/categories?post=21292"},{"taxonomy":"post_tag","embeddable":true,"href":"http:\/\/argentinamunicipal.com.ar\/argentina\/wp-json\/wp\/v2\/tags?post=21292"}],"curies":[{"name":"wp","href":"https:\/\/api.w.org\/{rel}","templated":true}]}}