{"id":21298,"date":"2014-12-17T08:06:28","date_gmt":"2014-12-17T11:06:28","guid":{"rendered":"http:\/\/argentinamunicipal.com.ar\/argentina\/?p=21298"},"modified":"2014-12-17T09:10:42","modified_gmt":"2014-12-17T12:10:42","slug":"macri-desdoblo-elecciones-portenas-de-las-nacionales","status":"publish","type":"post","link":"http:\/\/argentinamunicipal.com.ar\/argentina\/macri-desdoblo-elecciones-portenas-de-las-nacionales\/","title":{"rendered":"Macri desdobl\u00f3 elecciones porte\u00f1as de las nacionales"},"content":{"rendered":"<p><a href=\"http:\/\/argentinamunicipal.com.ar\/argentina\/wp-content\/uploads\/2014\/12\/macri_mauricio.jpg_1328648940.jpg\"><img loading=\"lazy\" decoding=\"async\" class=\"aligncenter size-full wp-image-21299\" src=\"http:\/\/argentinamunicipal.com.ar\/argentina\/wp-content\/uploads\/2014\/12\/macri_mauricio.jpg_1328648940.jpg\" alt=\"macri_mauricio.jpg_1328648940\" width=\"620\" height=\"350\" srcset=\"http:\/\/argentinamunicipal.com.ar\/argentina\/wp-content\/uploads\/2014\/12\/macri_mauricio.jpg_1328648940.jpg 620w, http:\/\/argentinamunicipal.com.ar\/argentina\/wp-content\/uploads\/2014\/12\/macri_mauricio.jpg_1328648940-300x169.jpg 300w\" sizes=\"auto, (max-width: 620px) 100vw, 620px\" \/><\/a><br \/>\nEl jefe de gobierno porte\u00f1o, Mauricio Macri, anunci\u00f3 ayer el desdoblamiento de las elecciones porte\u00f1as de los comicios nacionales, en tanto desde la oposici\u00f3n local cuestionaron la implementaci\u00f3n de la boleta electr\u00f3nica y convocaron a analizar si no contiene ninguna \u201ctrampa\u201d que pueda beneficiar al macrismo.<\/p>\n<p>El gobierno porte\u00f1o dispuso que las PASO en la Ciudad ser\u00e1n el 26 de abril, el 5 de julio la primera vuelta y el 19 de julio la eventual segunda vuelta, con lo cu\u00e1l los porte\u00f1os podr\u00edan llegar a tener que votar hasta 6 veces en el 2015, en caso de que las elecciones presidenciales se definan en un balotaje.<\/p>\n<p>Consultados, el socialista Roy Cortina, el legislador porte\u00f1o por la Coalici\u00f3n C\u00edvica Maximiliano Ferraro, la legisladora de Nuevo Encuentro Gabriela Cerruti, y el vicepresidente del bloque de legisladores del kirchnerismo Gabriel Fucks, revelaron sus discrepancias con la implementaci\u00f3n de la boleta electr\u00f3nica.<\/p>\n<p>El precandidato a jefe de Gobierno porte\u00f1o por el Partido Socialista, Roy Cortina, calific\u00f3 como \u201cuna buena decisi\u00f3n\u201d que el gobierno porte\u00f1o decidiera desdoblar las elecciones porte\u00f1as de los comicios nacionales para que \u201clos temas de la ciudad no sean subsumidos por la problem\u00e1tica Nacional\u201d.<\/p>\n<p>En declaraciones, Cortina sostuvo que \u201clos debates de la Ciudad deben estar separados de los que se dan a nivel nacional para que los temas de la ciudad no sean subsumidos por la problem\u00e1tica Nacional\u201d.<\/p>\n<p>Asimismo, se\u00f1al\u00f3 que \u201chay que analizar con m\u00e1s detalle c\u00f3mo va a ser el sistema del voto electr\u00f3nico para que no contenga ninguna trampa que perjudique a los distintos candidatos de la oposici\u00f3n\u201d.<\/p>\n<p>El legislador porte\u00f1o por la Coalici\u00f3n C\u00edvica, Maximiliano Ferraro, consider\u00f3 que \u201ces una decisi\u00f3n correcta\u201d desdoblar las elecciones porte\u00f1as de los comicios nacionales ya que \u201caclara las reglas de juego\u201d.<\/p>\n<p>\u201cEsto era importante para dejar cualquier tipo de especulaci\u00f3n que circulaba en torno al PRO y a su propia interna\u201d, se\u00f1al\u00f3 Ferraro, y detall\u00f3 que \u201cqueda ver el tema de la boleta electr\u00f3nica\u201d.<\/p>\n<p>\u201cHay algunas picard\u00edas que ha hecho el PRO. Creo que en la reglamentaci\u00f3n definitiva que tome el Tribunal Superior de Justicia, que es la autoridad que tiene competencia electoral, se ver\u00e1 si realmente hay un criterio de igualdad y equidad en los ciudadanos que van a participar para ser elegidos jefe de gobierno porte\u00f1o\u201d, asegur\u00f3.<\/p>\n<p>El vicepresidente del bloque de legisladores del Frente para la Victoria (FpV), Gabriel Fucks, revel\u00f3 que le \u201cparece bien que finalmente el macrismo haya terminado de definir su interna, en vez de especular con la candidatura de Gabriela Michetti y jugar con el tiempo de los porte\u00f1os\u201d.<\/p>\n<p>Fucks indic\u00f3 que le \u201cparece bien\u201d que el PRO \u201chaya definido la fecha de las elecciones, lo que permite que ahora el debate pol\u00edtico fluya normalmente\u201d.<\/p>\n<p>Adem\u00e1s, reclam\u00f3 al macrismo que \u201caclaren las dudas\u201d sobre \u201crumores que surgieron acerca de la aplicaci\u00f3n del voto electr\u00f3nico\u201d, seg\u00fan los cuales, se aplicar\u00eda un sistema que \u2018tender\u00eda a garantizar la fidelidad del voto\u2019 hacia el partido oficialista, \u2018haciendo aparecer primero en la pantalla de la urna electr\u00f3nica el partido en desmedro de los partidos m\u00e1s chicos y de los nombres de los candidatos\u2019. Por su parte, la legisladora de Nuevo Encuentro y precandidata a jefe de Gobierno, Gabriela Cerruti, dijo a esta agencia que \u201csiempre\u201d les \u201cpareci\u00f3 bien que las elecciones en la Ciudad tuvieran su propio espacio\u201d para que \u201cse puedan discutir sobre las cuestiones m\u00e1s cotidianas de la Ciudad\u201d. Cerruti reconoci\u00f3 que \u201cser\u00e1n muchas elecciones en un mismo a\u00f1o para los porte\u00f1os\u201d, aunque dijo confiar en que \u201cno habr\u00e1 inconvenientes porque los porte\u00f1os en general siempre han tenido mucha participaci\u00f3n\u201d.<\/p>\n<h6>Fuente: Preg\u00f3n<\/h6>\n","protected":false},"excerpt":{"rendered":"<p>El jefe de gobierno porte\u00f1o, Mauricio Macri, anunci\u00f3 ayer el desdoblamiento de las elecciones porte\u00f1as de los comicios nacionales, en tanto desde la oposici\u00f3n local cuestionaron la implementaci\u00f3n de la boleta electr\u00f3nica y convocaron a analizar si no contiene ninguna \u201ctrampa\u201d que pueda beneficiar al macrismo. El gobierno porte\u00f1o dispuso que las PASO en la<\/p>\n","protected":false},"author":2,"featured_media":21299,"comment_status":"closed","ping_status":"closed","sticky":false,"template":"","format":"standard","meta":{"footnotes":""},"categories":[4],"tags":[12],"class_list":["post-21298","post","type-post","status-publish","format-standard","has-post-thumbnail","hentry","category-informe-politico","tag-buenos-aires"],"_links":{"self":[{"href":"http:\/\/argentinamunicipal.com.ar\/argentina\/wp-json\/wp\/v2\/posts\/21298","targetHints":{"allow":["GET"]}}],"collection":[{"href":"http:\/\/argentinamunicipal.com.ar\/argentina\/wp-json\/wp\/v2\/posts"}],"about":[{"href":"http:\/\/argentinamunicipal.com.ar\/argentina\/wp-json\/wp\/v2\/types\/post"}],"author":[{"embeddable":true,"href":"http:\/\/argentinamunicipal.com.ar\/argentina\/wp-json\/wp\/v2\/users\/2"}],"replies":[{"embeddable":true,"href":"http:\/\/argentinamunicipal.com.ar\/argentina\/wp-json\/wp\/v2\/comments?post=21298"}],"version-history":[{"count":0,"href":"http:\/\/argentinamunicipal.com.ar\/argentina\/wp-json\/wp\/v2\/posts\/21298\/revisions"}],"wp:featuredmedia":[{"embeddable":true,"href":"http:\/\/argentinamunicipal.com.ar\/argentina\/wp-json\/wp\/v2\/media\/21299"}],"wp:attachment":[{"href":"http:\/\/argentinamunicipal.com.ar\/argentina\/wp-json\/wp\/v2\/media?parent=21298"}],"wp:term":[{"taxonomy":"category","embeddable":true,"href":"http:\/\/argentinamunicipal.com.ar\/argentina\/wp-json\/wp\/v2\/categories?post=21298"},{"taxonomy":"post_tag","embeddable":true,"href":"http:\/\/argentinamunicipal.com.ar\/argentina\/wp-json\/wp\/v2\/tags?post=21298"}],"curies":[{"name":"wp","href":"https:\/\/api.w.org\/{rel}","templated":true}]}}