{"id":21301,"date":"2014-12-17T08:11:06","date_gmt":"2014-12-17T11:11:06","guid":{"rendered":"http:\/\/argentinamunicipal.com.ar\/argentina\/?p=21301"},"modified":"2014-12-17T09:13:34","modified_gmt":"2014-12-17T12:13:34","slug":"en-medio-de-la-crisis-en-san-pedro-provincia-evalua-ayuda-para-pagar-los-sueldos","status":"publish","type":"post","link":"http:\/\/argentinamunicipal.com.ar\/argentina\/en-medio-de-la-crisis-en-san-pedro-provincia-evalua-ayuda-para-pagar-los-sueldos\/","title":{"rendered":"En medio de la crisis en San Pedro, Provincia eval\u00faa ayuda para pagar los sueldos"},"content":{"rendered":"<p><a href=\"http:\/\/argentinamunicipal.com.ar\/argentina\/wp-content\/uploads\/2014\/12\/20141216201919_b5awdryigaanewh.jpg\"><img loading=\"lazy\" decoding=\"async\" class=\"aligncenter size-full wp-image-21302\" src=\"http:\/\/argentinamunicipal.com.ar\/argentina\/wp-content\/uploads\/2014\/12\/20141216201919_b5awdryigaanewh.jpg\" alt=\"20141216201919_b5awdryigaanewh\" width=\"620\" height=\"340\" srcset=\"http:\/\/argentinamunicipal.com.ar\/argentina\/wp-content\/uploads\/2014\/12\/20141216201919_b5awdryigaanewh.jpg 620w, http:\/\/argentinamunicipal.com.ar\/argentina\/wp-content\/uploads\/2014\/12\/20141216201919_b5awdryigaanewh-300x164.jpg 300w\" sizes=\"auto, (max-width: 620px) 100vw, 620px\" \/><\/a><br \/>\nEsta tarde se reunieron en en la Casa de Gobierno provincial la ministra de Gobierno, Cristina Alvarez Rodr\u00edguez, funcionarios provinciales y el intendente interino de esa localidad para analizar la severa situaci\u00f3n que se est\u00e1 atravesando.<\/p>\n<p>La crisis institucional, con un Municipio tomado, que vive San Pedro, hoy tuvo otro cap\u00edtulo m\u00e1s. El Concejo Deliberante de San Pedro aprob\u00f3 hoy por mayor\u00eda la licencia de Pablo Guacone como intendente por cuestiones de salud y dio el visto bueno para que Fabio Giovanetonni se haga cargo de la comuna.<\/p>\n<p>Pero parte de la oposici\u00f3n considera que se trata de una maniobra de Guacone para sortear la sanci\u00f3n que le puede imponer la Comisi\u00f3n Investigadora. Adem\u00e1s, se adeudan los sueldos de noviembre.<\/p>\n<p>En ese marco, esta tarde la ministra de Gobierno, Cristina Alvarez Rodr\u00edguez encabez\u00f3 una reuni\u00f3n donde -seg\u00fan pudo saber INFOCIELO- participaron Giovanetonni; Daniel Guastavino, subsecretario de Gobierno; Francisco Cafiero, subsecretario de gesti\u00f3n y articulaci\u00f3n del Ministerio de Gobierno; Fernando Jantus, subsecretario de Planificaci\u00f3n del Ministerio de Seguridad; Mariano Chamorro, director provincial de Coordinaci\u00f3n Econ\u00f3mica; los secretarios municipales Roberto Borgo y Ra\u00fal Cheyllada, como tambi\u00e9n los concejales Martin Baraybar y Nicol\u00e1s. Machia.<\/p>\n<p>\u201cTuvimos una reuni\u00f3n de trabajo con el intendente interino, evaluando la situaci\u00f3n d\u00eda a d\u00eda y asistiendo con todo lo que podemos para que puedan pagar sueldos y salir de la crisis\u201d, expres\u00f3 Cafiero ante INFOCIELO, luego de la reuni\u00f3n.<\/p>\n<p>En ese sentido, el funcionario bonaerense destac\u00f3: \u00abQueremos siempre respaldar la institucionalidad\u00bb.<\/p>\n<p>Y agreg\u00f3: \u201cLamentamos que el intendente Guacone est\u00e9 enfermo y esperamos que pronto se pueda recuperar\u201d.<\/p>\n<h6>Fuente: InfoCielo<\/h6>\n","protected":false},"excerpt":{"rendered":"<p>Esta tarde se reunieron en en la Casa de Gobierno provincial la ministra de Gobierno, Cristina Alvarez Rodr\u00edguez, funcionarios provinciales y el intendente interino de esa localidad para analizar la severa situaci\u00f3n que se est\u00e1 atravesando. La crisis institucional, con un Municipio tomado, que vive San Pedro, hoy tuvo otro cap\u00edtulo m\u00e1s. El Concejo Deliberante<\/p>\n","protected":false},"author":2,"featured_media":21302,"comment_status":"closed","ping_status":"closed","sticky":false,"template":"","format":"standard","meta":{"footnotes":""},"categories":[4,7],"tags":[12],"class_list":["post-21301","post","type-post","status-publish","format-standard","has-post-thumbnail","hentry","category-informe-politico","category-informe-sindical","tag-buenos-aires"],"_links":{"self":[{"href":"http:\/\/argentinamunicipal.com.ar\/argentina\/wp-json\/wp\/v2\/posts\/21301","targetHints":{"allow":["GET"]}}],"collection":[{"href":"http:\/\/argentinamunicipal.com.ar\/argentina\/wp-json\/wp\/v2\/posts"}],"about":[{"href":"http:\/\/argentinamunicipal.com.ar\/argentina\/wp-json\/wp\/v2\/types\/post"}],"author":[{"embeddable":true,"href":"http:\/\/argentinamunicipal.com.ar\/argentina\/wp-json\/wp\/v2\/users\/2"}],"replies":[{"embeddable":true,"href":"http:\/\/argentinamunicipal.com.ar\/argentina\/wp-json\/wp\/v2\/comments?post=21301"}],"version-history":[{"count":0,"href":"http:\/\/argentinamunicipal.com.ar\/argentina\/wp-json\/wp\/v2\/posts\/21301\/revisions"}],"wp:featuredmedia":[{"embeddable":true,"href":"http:\/\/argentinamunicipal.com.ar\/argentina\/wp-json\/wp\/v2\/media\/21302"}],"wp:attachment":[{"href":"http:\/\/argentinamunicipal.com.ar\/argentina\/wp-json\/wp\/v2\/media?parent=21301"}],"wp:term":[{"taxonomy":"category","embeddable":true,"href":"http:\/\/argentinamunicipal.com.ar\/argentina\/wp-json\/wp\/v2\/categories?post=21301"},{"taxonomy":"post_tag","embeddable":true,"href":"http:\/\/argentinamunicipal.com.ar\/argentina\/wp-json\/wp\/v2\/tags?post=21301"}],"curies":[{"name":"wp","href":"https:\/\/api.w.org\/{rel}","templated":true}]}}