{"id":21313,"date":"2014-12-17T09:38:20","date_gmt":"2014-12-17T12:38:20","guid":{"rendered":"http:\/\/argentinamunicipal.com.ar\/argentina\/?p=21313"},"modified":"2014-12-17T09:38:20","modified_gmt":"2014-12-17T12:38:20","slug":"aprobaron-por-seis-meses-la-emergencia-economica-municipal-en-dean-funes","status":"publish","type":"post","link":"http:\/\/argentinamunicipal.com.ar\/argentina\/aprobaron-por-seis-meses-la-emergencia-economica-municipal-en-dean-funes\/","title":{"rendered":"Aprobaron por seis meses la emergencia econ\u00f3mica municipal en De\u00e1n Funes"},"content":{"rendered":"<div id=\"attachment_21314\" style=\"width: 530px\" class=\"wp-caption alignleft\"><a href=\"http:\/\/argentinamunicipal.com.ar\/argentina\/wp-content\/uploads\/2014\/12\/189585_img.jpg\"><img loading=\"lazy\" decoding=\"async\" aria-describedby=\"caption-attachment-21314\" class=\"size-full wp-image-21314\" src=\"http:\/\/argentinamunicipal.com.ar\/argentina\/wp-content\/uploads\/2014\/12\/189585_img.jpg\" alt=\"Los ediles aprobaron la emergencia econ\u00f3mica en De\u00e1n Funes.\" width=\"520\" height=\"312\" srcset=\"http:\/\/argentinamunicipal.com.ar\/argentina\/wp-content\/uploads\/2014\/12\/189585_img.jpg 520w, http:\/\/argentinamunicipal.com.ar\/argentina\/wp-content\/uploads\/2014\/12\/189585_img-300x179.jpg 300w\" sizes=\"auto, (max-width: 520px) 100vw, 520px\" \/><\/a><p id=\"caption-attachment-21314\" class=\"wp-caption-text\">Los ediles aprobaron la emergencia econ\u00f3mica en De\u00e1n Funes.<\/p><\/div>\n<p>El actual intendente, Ra\u00fal Figueroa, afronta desde que asumi\u00f3 en noviembre una delicada situaci\u00f3n con m\u00e1s de $ 7 millones de deuda.<\/p>\n<p>Por decisi\u00f3n un\u00e1nime, los integrantes del cuerpo legislativo local aprobaron la ordenanza por la cual se declar\u00f3 la emergencia econ\u00f3mica municipal por un plazo inicial de seis meses, con opci\u00f3n a renovarla por otro per\u00edodo similar. De esta forma, los ediles de las distintas fuerzas representadas en el Concejo Deliberante avalaron de manera urgente el proyecto enviado por el intendente interino Ra\u00fal Figueroa.<\/p>\n<p>Este \u00faltimo, afronta desde que asumi\u00f3 en noviembre una delicada situaci\u00f3n financiera con m\u00e1s de 7 millones de pesos de deudas con distintos acreedores que deben enfrentarse en el corto y mediano plazo. La normativa de excepci\u00f3n que avalaron los legisladores municipales en la sesi\u00f3n del \u00faltimo lunes crear\u00e1 una suerte de blindaje al estado local contra posibles embargos o demandas judiciales, al menos por los pr\u00f3ximos seis meses.<\/p>\n<p>Pero, adem\u00e1s, los t\u00e9rminos de la norma exigen que todo posible acreedor debe presentar las facturas y comprobantes que comprueben fehacientemente el derecho a cobrar una deuda del municipio.<\/p>\n<p>Una vez que se verifique ese compromiso, la intendencia negociar\u00e1 caso por caso la forma de abonar y los plazos para hacerlo.<\/p>\n<p>Durante la sesi\u00f3n el concejal Jos\u00e9 Cusumano felicit\u00f3 a todos sus colegas \u201cporque dentro de las diferencias hemos podido constituir esta herramienta y este pueblo va a salir debidamente adelante\u201d.<\/p>\n<p>Por su parte, la edil Amelia Far\u00edas admiti\u00f3 que \u201cesta ordenanza no solamente era necesaria sino de car\u00e1cter urgente\u201d.<\/p>\n<p>Seg\u00fan hab\u00eda adelantado el intendente interino Ra\u00fal Figueroa, \u201cla aprobaci\u00f3n de esta normativa de emergencia no afectar\u00e1 en nada la continuidad de los servicios municipales ya que s\u00f3lo busca cuidar el Patrimonio de los deanfunenses\u201d.<\/p>\n<p>Aunque distintas fuentes aseguran que la deuda total del municipio es varias veces millonaria, el titular del Departamento Ejecutivo adelant\u00f3 que no existen cifras precisas porque falta documentaci\u00f3n y ahora los acreedores deber\u00e1n verificar las supuestas sumas con derecho a cobrar.<\/p>\n<p>En declaraci\u00f3n a distintos medios de prensa loca, Figueroa precis\u00f3 que \u201cen estos momentos tenemos contadores y abogados de confianza como para analizar la cuesti\u00f3n\u00bb.<\/p>\n<h6>Fuente: La Ma\u00f1ana de C\u00f3rdoba<\/h6>\n","protected":false},"excerpt":{"rendered":"<p>El actual intendente, Ra\u00fal Figueroa, afronta desde que asumi\u00f3 en noviembre una delicada situaci\u00f3n con m\u00e1s de $ 7 millones de deuda. Por decisi\u00f3n un\u00e1nime, los integrantes del cuerpo legislativo local aprobaron la ordenanza por la cual se declar\u00f3 la emergencia econ\u00f3mica municipal por un plazo inicial de seis meses, con opci\u00f3n a renovarla por<\/p>\n","protected":false},"author":2,"featured_media":21314,"comment_status":"closed","ping_status":"closed","sticky":false,"template":"","format":"standard","meta":{"footnotes":""},"categories":[5],"tags":[3],"class_list":["post-21313","post","type-post","status-publish","format-standard","has-post-thumbnail","hentry","category-informe-economico","tag-cordoba"],"_links":{"self":[{"href":"http:\/\/argentinamunicipal.com.ar\/argentina\/wp-json\/wp\/v2\/posts\/21313","targetHints":{"allow":["GET"]}}],"collection":[{"href":"http:\/\/argentinamunicipal.com.ar\/argentina\/wp-json\/wp\/v2\/posts"}],"about":[{"href":"http:\/\/argentinamunicipal.com.ar\/argentina\/wp-json\/wp\/v2\/types\/post"}],"author":[{"embeddable":true,"href":"http:\/\/argentinamunicipal.com.ar\/argentina\/wp-json\/wp\/v2\/users\/2"}],"replies":[{"embeddable":true,"href":"http:\/\/argentinamunicipal.com.ar\/argentina\/wp-json\/wp\/v2\/comments?post=21313"}],"version-history":[{"count":0,"href":"http:\/\/argentinamunicipal.com.ar\/argentina\/wp-json\/wp\/v2\/posts\/21313\/revisions"}],"wp:featuredmedia":[{"embeddable":true,"href":"http:\/\/argentinamunicipal.com.ar\/argentina\/wp-json\/wp\/v2\/media\/21314"}],"wp:attachment":[{"href":"http:\/\/argentinamunicipal.com.ar\/argentina\/wp-json\/wp\/v2\/media?parent=21313"}],"wp:term":[{"taxonomy":"category","embeddable":true,"href":"http:\/\/argentinamunicipal.com.ar\/argentina\/wp-json\/wp\/v2\/categories?post=21313"},{"taxonomy":"post_tag","embeddable":true,"href":"http:\/\/argentinamunicipal.com.ar\/argentina\/wp-json\/wp\/v2\/tags?post=21313"}],"curies":[{"name":"wp","href":"https:\/\/api.w.org\/{rel}","templated":true}]}}