{"id":21322,"date":"2014-12-17T09:48:38","date_gmt":"2014-12-17T12:48:38","guid":{"rendered":"http:\/\/argentinamunicipal.com.ar\/argentina\/?p=21322"},"modified":"2014-12-17T09:48:38","modified_gmt":"2014-12-17T12:48:38","slug":"carlos-paz-debera-esperar-seis-meses-mas-para-tener-su-ejido-urbano-aprobado","status":"publish","type":"post","link":"http:\/\/argentinamunicipal.com.ar\/argentina\/carlos-paz-debera-esperar-seis-meses-mas-para-tener-su-ejido-urbano-aprobado\/","title":{"rendered":"Carlos Paz deber\u00e1 esperar seis meses m\u00e1s para tener su ejido urbano aprobado"},"content":{"rendered":"<p><a href=\"http:\/\/argentinamunicipal.com.ar\/argentina\/wp-content\/uploads\/2014\/12\/189538_img.jpg\"><img loading=\"lazy\" decoding=\"async\" class=\"alignright size-full wp-image-21323\" src=\"http:\/\/argentinamunicipal.com.ar\/argentina\/wp-content\/uploads\/2014\/12\/189538_img.jpg\" alt=\"189538_img\" width=\"520\" height=\"312\" srcset=\"http:\/\/argentinamunicipal.com.ar\/argentina\/wp-content\/uploads\/2014\/12\/189538_img.jpg 520w, http:\/\/argentinamunicipal.com.ar\/argentina\/wp-content\/uploads\/2014\/12\/189538_img-300x179.jpg 300w\" sizes=\"auto, (max-width: 520px) 100vw, 520px\" \/><\/a>Fiscal\u00eda de Estado objet\u00f3 los planos. Hubo que modificarlos y ahora est\u00e1n en Catastro. Luego de su visaci\u00f3n volver\u00e1n a Fiscal\u00eda, pasar\u00e1n a Gobierno y luego ir\u00e1n a la Legislatura Unicameral.<\/p>\n<p>La ciudad de Villa Carlos Paz deber\u00e1 esperar como m\u00ednimo seis meses m\u00e1s para tener su ejido municipal definitivamente aprobado por la Legislatura de C\u00f3rdoba, ya que a\u00fan deben concretarse distintos tr\u00e1mites burocr\u00e1ticos en el \u00e1mbito de la Direcci\u00f3n Provincial de Catastro, de Fiscal\u00eda de Estado y del Ministerio de Gobierno y Seguridad.<\/p>\n<p>Seg\u00fan explicaron fuentes oficiales de la cartera que lidera Walter Saieg, el expediente con los planos del territorio total que comprender\u00e1 a partir de abril o mayo del a\u00f1o pr\u00f3ximo la ciudad de Villa Carlos Paz se encuentra bajo estudio en el \u00e1rea de Catastro.<\/p>\n<p>El intendente Esteban Avil\u00e9s present\u00f3 la documentaci\u00f3n oficial requerida y \u00e9sta pas\u00f3 en primer t\u00e9rmino a Fiscal\u00eda de Estado, donde se produjo una observaci\u00f3n t\u00e9cnica.\u00a0 Luego de que el municipio resolviera esa diferencia vinculada con el l\u00edmite definitivo con La Calera a trav\u00e9s del dique San Roque, el expediente fue girado nuevamente a la Direcci\u00f3n de Catastro para su aprobaci\u00f3n final.<\/p>\n<h3>Villa Carlos Paz pretende ampliar su ejido a zonas grises vecinas.<\/h3>\n<p>Esto ocurri\u00f3 porque fue necesario modificar parcialmente la frontera entre los departamentos Punilla y Col\u00f3n corri\u00e9ndola unos pocos metros a partir del acuerdo suscripto entre Villa Carlos Paz y La Calera. Cuando Catastro vise y confirme este \u00faltimo cambio, el expediente deber\u00e1 retornar a Fiscal\u00eda de Estado para su aprobaci\u00f3n final. Luego volver\u00e1 al Ministerio de Gobierno y desde all\u00ed ser\u00e1 remitido a la Legislatura.<\/p>\n<p>Como en enero hay receso administrativo en el estado cordob\u00e9s, se presume que reci\u00e9n concluir\u00e1n los tr\u00e1mites en el Poder Ejecutivo en el mes de marzo o abril. Posteriormente el tema ser\u00e1 debatido en comisi\u00f3n dentro de la Legislatura Unicameral ya que no s\u00f3lo se trata de aprobar el nuevo ejido municipal de Villa Carlos Paz sino que tambi\u00e9n ello implicar\u00e1 la modificaci\u00f3n de los l\u00edmites actuales de los departamentos Col\u00f3n y Punilla.<\/p>\n<h3>Demora de m\u00e1s de 8 a\u00f1os<\/h3>\n<p>Villa Carlos Paz es la \u00fanica de las ciudades grandes de la Provincia que a\u00fan no tiene aprobado su ejido urbano.<\/p>\n<p>El expediente oficial se inici\u00f3 hace ya m\u00e1s de 8 a\u00f1os pero por diversas causas fue rechazado en la Legislatura y debi\u00f3 retornar al Ministerio de Gobierno.<\/p>\n<p>Tras la asunci\u00f3n de Esteban Avil\u00e9s al frente de la intendencia, se intent\u00f3 reactivar la cuesti\u00f3n. El titular del Departamento Ejecutivo debi\u00f3 presentar nuevos planos y acordar los l\u00edmites con Malague\u00f1o primero y luego con La Calera.<\/p>\n<p>Para Villa Carlos Paz la aprobaci\u00f3n del ejido definitivo en la Legislatura es de vital importancia puesto que el intendente Esteban Avil\u00e9s pretende incluir en el territorio de la ciudad ciertas zonas grises que la rodean y que por ahora son administradas por la Comunidad Regional Punilla.<\/p>\n<h6>Fuente: La Ma\u00f1ana de C\u00f3rdoba<\/h6>\n","protected":false},"excerpt":{"rendered":"<p>Fiscal\u00eda de Estado objet\u00f3 los planos. Hubo que modificarlos y ahora est\u00e1n en Catastro. Luego de su visaci\u00f3n volver\u00e1n a Fiscal\u00eda, pasar\u00e1n a Gobierno y luego ir\u00e1n a la Legislatura Unicameral. La ciudad de Villa Carlos Paz deber\u00e1 esperar como m\u00ednimo seis meses m\u00e1s para tener su ejido municipal definitivamente aprobado por la Legislatura de<\/p>\n","protected":false},"author":2,"featured_media":21323,"comment_status":"closed","ping_status":"closed","sticky":false,"template":"","format":"standard","meta":{"footnotes":""},"categories":[2],"tags":[3],"class_list":["post-21322","post","type-post","status-publish","format-standard","has-post-thumbnail","hentry","category-informe-municipal","tag-cordoba"],"_links":{"self":[{"href":"http:\/\/argentinamunicipal.com.ar\/argentina\/wp-json\/wp\/v2\/posts\/21322","targetHints":{"allow":["GET"]}}],"collection":[{"href":"http:\/\/argentinamunicipal.com.ar\/argentina\/wp-json\/wp\/v2\/posts"}],"about":[{"href":"http:\/\/argentinamunicipal.com.ar\/argentina\/wp-json\/wp\/v2\/types\/post"}],"author":[{"embeddable":true,"href":"http:\/\/argentinamunicipal.com.ar\/argentina\/wp-json\/wp\/v2\/users\/2"}],"replies":[{"embeddable":true,"href":"http:\/\/argentinamunicipal.com.ar\/argentina\/wp-json\/wp\/v2\/comments?post=21322"}],"version-history":[{"count":0,"href":"http:\/\/argentinamunicipal.com.ar\/argentina\/wp-json\/wp\/v2\/posts\/21322\/revisions"}],"wp:featuredmedia":[{"embeddable":true,"href":"http:\/\/argentinamunicipal.com.ar\/argentina\/wp-json\/wp\/v2\/media\/21323"}],"wp:attachment":[{"href":"http:\/\/argentinamunicipal.com.ar\/argentina\/wp-json\/wp\/v2\/media?parent=21322"}],"wp:term":[{"taxonomy":"category","embeddable":true,"href":"http:\/\/argentinamunicipal.com.ar\/argentina\/wp-json\/wp\/v2\/categories?post=21322"},{"taxonomy":"post_tag","embeddable":true,"href":"http:\/\/argentinamunicipal.com.ar\/argentina\/wp-json\/wp\/v2\/tags?post=21322"}],"curies":[{"name":"wp","href":"https:\/\/api.w.org\/{rel}","templated":true}]}}