{"id":21337,"date":"2014-12-17T10:08:05","date_gmt":"2014-12-17T13:08:05","guid":{"rendered":"http:\/\/argentinamunicipal.com.ar\/argentina\/?p=21337"},"modified":"2014-12-17T10:08:05","modified_gmt":"2014-12-17T13:08:05","slug":"se-entregaran-viviendas-en-la-ciudad-de-posadas-y-campo-viera","status":"publish","type":"post","link":"http:\/\/argentinamunicipal.com.ar\/argentina\/se-entregaran-viviendas-en-la-ciudad-de-posadas-y-campo-viera\/","title":{"rendered":"Se entregar\u00e1n viviendas en la ciudad de Posadas y Campo Viera"},"content":{"rendered":"<p><a href=\"http:\/\/argentinamunicipal.com.ar\/argentina\/wp-content\/uploads\/2014\/12\/verimg.jpg\"><img loading=\"lazy\" decoding=\"async\" class=\"aligncenter size-full wp-image-21338\" src=\"http:\/\/argentinamunicipal.com.ar\/argentina\/wp-content\/uploads\/2014\/12\/verimg.jpg\" alt=\"verimg\" width=\"594\" height=\"258\" srcset=\"http:\/\/argentinamunicipal.com.ar\/argentina\/wp-content\/uploads\/2014\/12\/verimg.jpg 594w, http:\/\/argentinamunicipal.com.ar\/argentina\/wp-content\/uploads\/2014\/12\/verimg-300x130.jpg 300w\" sizes=\"auto, (max-width: 594px) 100vw, 594px\" \/><\/a><br \/>\nEl vicegobernador Hugo Passalacqua encabezar\u00e1, hoy, mi\u00e9rcoles 17, a las 11, el acto en la Chacra N\u00ba 110 de la capital misionera.<\/p>\n<p>El vicegobernador Hugo Passalacqua encabezar\u00e1, hoy,\u00a0mi\u00e9rcoles 17 de diciembre, a las 11, el acto de entrega de 20 viviendas, construidas por el Instituto Provincial de Desarrollo Habitacional ubicadas en la Chacra N\u00ba 110 de la ciudad de Posadas.<\/p>\n<p>Posteriormente, a las 17:30, el vicegobernador se trasladar\u00e1 a Campo Viera donde entregar\u00e1 un total de 30 viviendas tradicionales. La ceremonia se realizar\u00e1 en la chacra de la familia Orenzuk, al lado de la estaci\u00f3n de servicio YPF, en esa localidad.<\/p>\n<p>Passalacqua estar\u00e1 acompa\u00f1ado por el intendente de Posadas, Orlando Franco; el intendente de Campo Viera, Juan Carlos R\u00edos; el presidente del Iprodha, Santiago Ros; diputados nacionales, provinciales y otros funcionarios del Gabinete provincial.<\/p>\n<h6>Fuente: Territorio Digital<\/h6>\n","protected":false},"excerpt":{"rendered":"<p>El vicegobernador Hugo Passalacqua encabezar\u00e1, hoy, mi\u00e9rcoles 17, a las 11, el acto en la Chacra N\u00ba 110 de la capital misionera. El vicegobernador Hugo Passalacqua encabezar\u00e1, hoy,\u00a0mi\u00e9rcoles 17 de diciembre, a las 11, el acto de entrega de 20 viviendas, construidas por el Instituto Provincial de Desarrollo Habitacional ubicadas en la Chacra N\u00ba 110<\/p>\n","protected":false},"author":2,"featured_media":21338,"comment_status":"closed","ping_status":"closed","sticky":false,"template":"","format":"standard","meta":{"footnotes":""},"categories":[2],"tags":[27],"class_list":["post-21337","post","type-post","status-publish","format-standard","has-post-thumbnail","hentry","category-informe-municipal","tag-misiones"],"_links":{"self":[{"href":"http:\/\/argentinamunicipal.com.ar\/argentina\/wp-json\/wp\/v2\/posts\/21337","targetHints":{"allow":["GET"]}}],"collection":[{"href":"http:\/\/argentinamunicipal.com.ar\/argentina\/wp-json\/wp\/v2\/posts"}],"about":[{"href":"http:\/\/argentinamunicipal.com.ar\/argentina\/wp-json\/wp\/v2\/types\/post"}],"author":[{"embeddable":true,"href":"http:\/\/argentinamunicipal.com.ar\/argentina\/wp-json\/wp\/v2\/users\/2"}],"replies":[{"embeddable":true,"href":"http:\/\/argentinamunicipal.com.ar\/argentina\/wp-json\/wp\/v2\/comments?post=21337"}],"version-history":[{"count":0,"href":"http:\/\/argentinamunicipal.com.ar\/argentina\/wp-json\/wp\/v2\/posts\/21337\/revisions"}],"wp:featuredmedia":[{"embeddable":true,"href":"http:\/\/argentinamunicipal.com.ar\/argentina\/wp-json\/wp\/v2\/media\/21338"}],"wp:attachment":[{"href":"http:\/\/argentinamunicipal.com.ar\/argentina\/wp-json\/wp\/v2\/media?parent=21337"}],"wp:term":[{"taxonomy":"category","embeddable":true,"href":"http:\/\/argentinamunicipal.com.ar\/argentina\/wp-json\/wp\/v2\/categories?post=21337"},{"taxonomy":"post_tag","embeddable":true,"href":"http:\/\/argentinamunicipal.com.ar\/argentina\/wp-json\/wp\/v2\/tags?post=21337"}],"curies":[{"name":"wp","href":"https:\/\/api.w.org\/{rel}","templated":true}]}}