{"id":21340,"date":"2014-12-17T08:08:19","date_gmt":"2014-12-17T11:08:19","guid":{"rendered":"http:\/\/argentinamunicipal.com.ar\/argentina\/?p=21340"},"modified":"2014-12-17T10:11:46","modified_gmt":"2014-12-17T13:11:46","slug":"palo-santo-sueldos-suma-en-negro-pasa-integrar-el-basico-de-los-municipales","status":"publish","type":"post","link":"http:\/\/argentinamunicipal.com.ar\/argentina\/palo-santo-sueldos-suma-en-negro-pasa-integrar-el-basico-de-los-municipales\/","title":{"rendered":"Palo Santo &#8211; Sueldos: Suma en negro pasa a integrar el b\u00e1sico de los municipales"},"content":{"rendered":"<p><a href=\"http:\/\/argentinamunicipal.com.ar\/argentina\/wp-content\/uploads\/2014\/12\/2010-02-02-C5-332722.jpg\"><img loading=\"lazy\" decoding=\"async\" class=\"alignleft  wp-image-21341\" src=\"http:\/\/argentinamunicipal.com.ar\/argentina\/wp-content\/uploads\/2014\/12\/2010-02-02-C5-332722.jpg\" alt=\"2010-02-02-C5-332722\" width=\"469\" height=\"310\" srcset=\"http:\/\/argentinamunicipal.com.ar\/argentina\/wp-content\/uploads\/2014\/12\/2010-02-02-C5-332722.jpg 570w, http:\/\/argentinamunicipal.com.ar\/argentina\/wp-content\/uploads\/2014\/12\/2010-02-02-C5-332722-300x198.jpg 300w\" sizes=\"auto, (max-width: 469px) 100vw, 469px\" \/><\/a>El pasado 12 de diciembre se llev\u00f3 a cabo en el Sal\u00f3n del SUM del Centro C\u00edvico de Palo Santo, una reuni\u00f3n informativa con todos los empleados de la Municipalidad, estuvo presente el Intendente Municipal Ra\u00fal D\u2019zakich, el Secretario municipal N\u00e9stor Paulina y el equipo t\u00e9cnico Contable.<\/p>\n<p>El jefe comunal dio la primicia de la nueva escala salarial que regia a partir del mes octubre para todos los empleados, donde la suma en negro pas\u00f3 a integrar el b\u00e1sico de los sueldos.<\/p>\n<p>\u201cCon mucho esfuerzo se logra este incremento\u201d, dijo D\u2019zakich quien tambi\u00e9n expres\u00f3 que \u201cno es mucho pero que a la gente le va a servir en su futura jubilaci\u00f3n y que seguramente en a\u00f1o que viene va haber otros aumento mas y eso va reflejar en sus haberes\u201d.<\/p>\n<p>Por otra parte, el intendente record\u00f3 que desde su gesti\u00f3n puso al municipio al servicio de la gente \u201cen muchos aspectos, recolecci\u00f3n de residuos, acarreo de agua, arreglo permanente de la calles del pueblo, aperturas de nuevas calles, entubados de nuevas alcantarillas\u201d. Adem\u00e1s sostuvo que se encuentra \u201csatisfecho\u201d por el acompa\u00f1amiento del personal en las tareas diarias que se lleva a cabo.<\/p>\n<p>Los vecinos manifestaron sus dudas que fueron contestadas por el equipo t\u00e9cnico de contadur\u00eda referida a la nueva escala salarial. Seg\u00fan D\u2019zakich estar\u00eda tambi\u00e9n previsto en el nuevo presupuesto la re categorizaci\u00f3n del empleado.<\/p>\n<h6>Fuente: El Comercial<\/h6>\n","protected":false},"excerpt":{"rendered":"<p>El pasado 12 de diciembre se llev\u00f3 a cabo en el Sal\u00f3n del SUM del Centro C\u00edvico de Palo Santo, una reuni\u00f3n informativa con todos los empleados de la Municipalidad, estuvo presente el Intendente Municipal Ra\u00fal D\u2019zakich, el Secretario municipal N\u00e9stor Paulina y el equipo t\u00e9cnico Contable. El jefe comunal dio la primicia de la<\/p>\n","protected":false},"author":2,"featured_media":21341,"comment_status":"closed","ping_status":"closed","sticky":false,"template":"","format":"standard","meta":{"footnotes":""},"categories":[7],"tags":[24],"class_list":["post-21340","post","type-post","status-publish","format-standard","has-post-thumbnail","hentry","category-informe-sindical","tag-formosa"],"_links":{"self":[{"href":"http:\/\/argentinamunicipal.com.ar\/argentina\/wp-json\/wp\/v2\/posts\/21340","targetHints":{"allow":["GET"]}}],"collection":[{"href":"http:\/\/argentinamunicipal.com.ar\/argentina\/wp-json\/wp\/v2\/posts"}],"about":[{"href":"http:\/\/argentinamunicipal.com.ar\/argentina\/wp-json\/wp\/v2\/types\/post"}],"author":[{"embeddable":true,"href":"http:\/\/argentinamunicipal.com.ar\/argentina\/wp-json\/wp\/v2\/users\/2"}],"replies":[{"embeddable":true,"href":"http:\/\/argentinamunicipal.com.ar\/argentina\/wp-json\/wp\/v2\/comments?post=21340"}],"version-history":[{"count":0,"href":"http:\/\/argentinamunicipal.com.ar\/argentina\/wp-json\/wp\/v2\/posts\/21340\/revisions"}],"wp:featuredmedia":[{"embeddable":true,"href":"http:\/\/argentinamunicipal.com.ar\/argentina\/wp-json\/wp\/v2\/media\/21341"}],"wp:attachment":[{"href":"http:\/\/argentinamunicipal.com.ar\/argentina\/wp-json\/wp\/v2\/media?parent=21340"}],"wp:term":[{"taxonomy":"category","embeddable":true,"href":"http:\/\/argentinamunicipal.com.ar\/argentina\/wp-json\/wp\/v2\/categories?post=21340"},{"taxonomy":"post_tag","embeddable":true,"href":"http:\/\/argentinamunicipal.com.ar\/argentina\/wp-json\/wp\/v2\/tags?post=21340"}],"curies":[{"name":"wp","href":"https:\/\/api.w.org\/{rel}","templated":true}]}}