{"id":21343,"date":"2014-12-17T10:18:45","date_gmt":"2014-12-17T13:18:45","guid":{"rendered":"http:\/\/argentinamunicipal.com.ar\/argentina\/?p=21343"},"modified":"2014-12-17T10:18:45","modified_gmt":"2014-12-17T13:18:45","slug":"bariloche-mas-de-50-empresas-recurrieron-la-bolsa-de-trabajo-del-municipio","status":"publish","type":"post","link":"http:\/\/argentinamunicipal.com.ar\/argentina\/bariloche-mas-de-50-empresas-recurrieron-la-bolsa-de-trabajo-del-municipio\/","title":{"rendered":"Bariloche: M\u00e1s de 50 empresas recurrieron a la bolsa de trabajo del Municipio"},"content":{"rendered":"<p><a href=\"http:\/\/argentinamunicipal.com.ar\/argentina\/wp-content\/uploads\/2014\/12\/7087_OE.jpg\"><img loading=\"lazy\" decoding=\"async\" class=\"aligncenter  wp-image-21344\" src=\"http:\/\/argentinamunicipal.com.ar\/argentina\/wp-content\/uploads\/2014\/12\/7087_OE.jpg\" alt=\"7087_OE\" width=\"595\" height=\"446\" srcset=\"http:\/\/argentinamunicipal.com.ar\/argentina\/wp-content\/uploads\/2014\/12\/7087_OE.jpg 1024w, http:\/\/argentinamunicipal.com.ar\/argentina\/wp-content\/uploads\/2014\/12\/7087_OE-300x225.jpg 300w\" sizes=\"auto, (max-width: 595px) 100vw, 595px\" \/><\/a><\/p>\n<p>Fernando Del Campo, Secretario de Desarrollo Econ\u00f3mico Municipal, precis\u00f3 que se trata de \u201cempresas grandes y reconocidas de la ciudad, y de algunas PYMEs, que se acercaron hasta la Oficina de Empleo\u201d, durante este a\u00f1o.<\/p>\n<p>Las empresas generaron cerca de 200 puestos laborales, entre efectivos y permanentes, y capacitaciones destinadas a j\u00f3venes que \u201ccomenzaron a vincularse al mundo del trabajo\u201d, explic\u00f3.<\/p>\n<p>En tanto, Del Campo se\u00f1al\u00f3 que el \u00e1rea de fortalecimiento a PYMEs recibi\u00f3 proyectos formulados por 73 empresas, que buscaron interiorizarse sobre c\u00f3mo ampliar su escala de producci\u00f3n, su proyecci\u00f3n de negocios, entre otros puntos que implican generaci\u00f3n de puestos de trabajo.<\/p>\n<p>Del Campo reconoci\u00f3 que todas esas pol\u00edticas implementadas por su cartera, \u201cno alcanzan\u201d, pero s\u00ed \u201cson un paso importante\u201d, subray\u00f3, y se mostr\u00f3 optimista con el empresariado barilochense: \u201cHay que ir, llevar l\u00edneas, hay empresas que s\u00ed responden\u201d, sell\u00f3.<\/p>\n<p>Entretanto, el concejal opositor Leandro Lescano (FSP) cuestion\u00f3 las pol\u00edticas del empleo adoptadas (o su escasez) por el Gobierno, y pidi\u00f3 por nota dirigida a Del Campo, que le indicara \u00abacciones y programas que se encuentran en ejecuci\u00f3n\u00bb actualmente desde el Estado Municipal.<\/p>\n<p>En ese sentido, expres\u00f3 su \u00abpreocupaci\u00f3n por la situaci\u00f3n local en materia de generaci\u00f3n de empleo\u00bb.<\/p>\n<h6>Fuente: El Cordillerano<\/h6>\n","protected":false},"excerpt":{"rendered":"<p>Fernando Del Campo, Secretario de Desarrollo Econ\u00f3mico Municipal, precis\u00f3 que se trata de \u201cempresas grandes y reconocidas de la ciudad, y de algunas PYMEs, que se acercaron hasta la Oficina de Empleo\u201d, durante este a\u00f1o. Las empresas generaron cerca de 200 puestos laborales, entre efectivos y permanentes, y capacitaciones destinadas a j\u00f3venes que \u201ccomenzaron a<\/p>\n","protected":false},"author":2,"featured_media":21344,"comment_status":"closed","ping_status":"closed","sticky":false,"template":"","format":"standard","meta":{"footnotes":""},"categories":[2],"tags":[11],"class_list":["post-21343","post","type-post","status-publish","format-standard","has-post-thumbnail","hentry","category-informe-municipal","tag-rio-negro"],"_links":{"self":[{"href":"http:\/\/argentinamunicipal.com.ar\/argentina\/wp-json\/wp\/v2\/posts\/21343","targetHints":{"allow":["GET"]}}],"collection":[{"href":"http:\/\/argentinamunicipal.com.ar\/argentina\/wp-json\/wp\/v2\/posts"}],"about":[{"href":"http:\/\/argentinamunicipal.com.ar\/argentina\/wp-json\/wp\/v2\/types\/post"}],"author":[{"embeddable":true,"href":"http:\/\/argentinamunicipal.com.ar\/argentina\/wp-json\/wp\/v2\/users\/2"}],"replies":[{"embeddable":true,"href":"http:\/\/argentinamunicipal.com.ar\/argentina\/wp-json\/wp\/v2\/comments?post=21343"}],"version-history":[{"count":0,"href":"http:\/\/argentinamunicipal.com.ar\/argentina\/wp-json\/wp\/v2\/posts\/21343\/revisions"}],"wp:featuredmedia":[{"embeddable":true,"href":"http:\/\/argentinamunicipal.com.ar\/argentina\/wp-json\/wp\/v2\/media\/21344"}],"wp:attachment":[{"href":"http:\/\/argentinamunicipal.com.ar\/argentina\/wp-json\/wp\/v2\/media?parent=21343"}],"wp:term":[{"taxonomy":"category","embeddable":true,"href":"http:\/\/argentinamunicipal.com.ar\/argentina\/wp-json\/wp\/v2\/categories?post=21343"},{"taxonomy":"post_tag","embeddable":true,"href":"http:\/\/argentinamunicipal.com.ar\/argentina\/wp-json\/wp\/v2\/tags?post=21343"}],"curies":[{"name":"wp","href":"https:\/\/api.w.org\/{rel}","templated":true}]}}