{"id":21346,"date":"2014-12-17T10:25:54","date_gmt":"2014-12-17T13:25:54","guid":{"rendered":"http:\/\/argentinamunicipal.com.ar\/argentina\/?p=21346"},"modified":"2014-12-17T10:25:54","modified_gmt":"2014-12-17T13:25:54","slug":"viedma-como-impacta-la-nueva-ordenanza-tarifaria","status":"publish","type":"post","link":"http:\/\/argentinamunicipal.com.ar\/argentina\/viedma-como-impacta-la-nueva-ordenanza-tarifaria\/","title":{"rendered":"Viedma: c\u00f3mo impacta la nueva ordenanza tarifaria"},"content":{"rendered":"<p><a href=\"http:\/\/argentinamunicipal.com.ar\/argentina\/wp-content\/uploads\/2014\/12\/921-viedma.jpg\"><img loading=\"lazy\" decoding=\"async\" class=\"aligncenter size-full wp-image-21347\" src=\"http:\/\/argentinamunicipal.com.ar\/argentina\/wp-content\/uploads\/2014\/12\/921-viedma.jpg\" alt=\"921-viedma\" width=\"550\" height=\"362\" srcset=\"http:\/\/argentinamunicipal.com.ar\/argentina\/wp-content\/uploads\/2014\/12\/921-viedma.jpg 550w, http:\/\/argentinamunicipal.com.ar\/argentina\/wp-content\/uploads\/2014\/12\/921-viedma-300x197.jpg 300w\" sizes=\"auto, (max-width: 550px) 100vw, 550px\" \/><\/a><br \/>\nEn esa ciudad subieron el taxi, el colectivo y las tasas.<\/p>\n<p>El boleto de colectivo urbano pasar\u00e1 a valer 6 pesos desde enero, en lugar de los 4 que cuesta actualmente. Adem\u00e1s, la bajada de bandera de los taxis aumentar\u00e1 de 9.94 a 11.90.<\/p>\n<p>Tambi\u00e9n la ficha pas\u00f3 a costar 0,85 centavos, lo que implica un impacto en similar porcentaje.<\/p>\n<p>El incremento de alrededor del 20 por ciento fue autorizado el lunes por el Concejo Deliberante en una pol\u00e9mica sesi\u00f3n en la que, por acuerdos pol\u00edticos entre los oficialismos provincial y municipal, el edil peronista Lorenzo C\u00f3rdoba -a diferencia de sus pares de bloque- se abstuvo y habilit\u00f3 estas modificaciones.<\/p>\n<p>Tambi\u00e9n se aprob\u00f3 la ordenanza fiscal que estipula incrementos de alrededor de un 16 por ciento en las tasas municipales con diferencias seg\u00fan los barrios. La ordenanza en cuesti\u00f3n fija modificaciones para las tasas por limpieza y conservaci\u00f3n de la v\u00eda p\u00fablica, el alumbrado p\u00fablico, la de inspecci\u00f3n, seguridad e higiene, la habilitaci\u00f3n de comercio e industria por rubro, la de servicios especiales, al terreno bald\u00edo, entre otros.<\/p>\n<p>En la misma norma se elevan los valores de los derechos para las certificaciones y tr\u00e1mites municipales, carnet de conductor, derechos de construcci\u00f3n, de catastro y subdivisiones, por el uso de bienes y locales municipales, por propaganda y publicidad, multas de tr\u00e1nsito, infracciones a normas sanitarias, a la construcci\u00f3n, entre otras.<\/p>\n<p>Estos incrementos deber\u00e1n ser nuevamente analizados en segunda vuelta en la sesi\u00f3n del 30 de diciembre, a la que se agreg\u00f3 la continuidad del tratamiento, tras el cuarto a intermedio del lunes, debido al rechazo de la oposici\u00f3n de uno de los art\u00edculos m\u00e1s sustanciales de esa norma.<\/p>\n<p>El gobierno local fundament\u00f3 los cambios tarifarios en que \u00abresulta necesario contribuir con el restablecimiento de un grado razonable de correspondencia entre los gastos que insume la prestaci\u00f3n de los servicios de higiene urbana y mantenimiento de espacios verdes y la tasa que lo financia\u00bb.<\/p>\n<p>Vio necesario \u00abactualizar la tasa por juego de azar, teniendo en cuenta el \u00edndice de precios al consumidor elaborado por el Indec\u00bb.<\/p>\n<p>Las autoridades entienden que dados \u00ablos incrementos en los costos de mantenimiento, hace falta readecuar los valores por zona de la Tasa de Alumbrado P\u00fablico\u00bb. Tambi\u00e9n \u00abse requiere modificar los valores de Derechos, Contribuciones y Multas; entre otros\u00bb.<\/p>\n<h6>Fuente: R\u00edo Negro<\/h6>\n","protected":false},"excerpt":{"rendered":"<p>En esa ciudad subieron el taxi, el colectivo y las tasas. El boleto de colectivo urbano pasar\u00e1 a valer 6 pesos desde enero, en lugar de los 4 que cuesta actualmente. Adem\u00e1s, la bajada de bandera de los taxis aumentar\u00e1 de 9.94 a 11.90. Tambi\u00e9n la ficha pas\u00f3 a costar 0,85 centavos, lo que implica<\/p>\n","protected":false},"author":2,"featured_media":21347,"comment_status":"closed","ping_status":"closed","sticky":false,"template":"","format":"standard","meta":{"footnotes":""},"categories":[5],"tags":[11],"class_list":["post-21346","post","type-post","status-publish","format-standard","has-post-thumbnail","hentry","category-informe-economico","tag-rio-negro"],"_links":{"self":[{"href":"http:\/\/argentinamunicipal.com.ar\/argentina\/wp-json\/wp\/v2\/posts\/21346","targetHints":{"allow":["GET"]}}],"collection":[{"href":"http:\/\/argentinamunicipal.com.ar\/argentina\/wp-json\/wp\/v2\/posts"}],"about":[{"href":"http:\/\/argentinamunicipal.com.ar\/argentina\/wp-json\/wp\/v2\/types\/post"}],"author":[{"embeddable":true,"href":"http:\/\/argentinamunicipal.com.ar\/argentina\/wp-json\/wp\/v2\/users\/2"}],"replies":[{"embeddable":true,"href":"http:\/\/argentinamunicipal.com.ar\/argentina\/wp-json\/wp\/v2\/comments?post=21346"}],"version-history":[{"count":0,"href":"http:\/\/argentinamunicipal.com.ar\/argentina\/wp-json\/wp\/v2\/posts\/21346\/revisions"}],"wp:featuredmedia":[{"embeddable":true,"href":"http:\/\/argentinamunicipal.com.ar\/argentina\/wp-json\/wp\/v2\/media\/21347"}],"wp:attachment":[{"href":"http:\/\/argentinamunicipal.com.ar\/argentina\/wp-json\/wp\/v2\/media?parent=21346"}],"wp:term":[{"taxonomy":"category","embeddable":true,"href":"http:\/\/argentinamunicipal.com.ar\/argentina\/wp-json\/wp\/v2\/categories?post=21346"},{"taxonomy":"post_tag","embeddable":true,"href":"http:\/\/argentinamunicipal.com.ar\/argentina\/wp-json\/wp\/v2\/tags?post=21346"}],"curies":[{"name":"wp","href":"https:\/\/api.w.org\/{rel}","templated":true}]}}