{"id":21349,"date":"2014-12-17T08:26:32","date_gmt":"2014-12-17T11:26:32","guid":{"rendered":"http:\/\/argentinamunicipal.com.ar\/argentina\/?p=21349"},"modified":"2014-12-17T10:29:51","modified_gmt":"2014-12-17T13:29:51","slug":"en-viedma-el-bono-municipal-sera-de-2-800-pesos","status":"publish","type":"post","link":"http:\/\/argentinamunicipal.com.ar\/argentina\/en-viedma-el-bono-municipal-sera-de-2-800-pesos\/","title":{"rendered":"En Viedma el bono municipal ser\u00e1 de 2.800 pesos"},"content":{"rendered":"<div id=\"attachment_21350\" style=\"width: 555px\" class=\"wp-caption aligncenter\"><a href=\"http:\/\/argentinamunicipal.com.ar\/argentina\/wp-content\/uploads\/2014\/12\/imagen4.jpg\"><img loading=\"lazy\" decoding=\"async\" aria-describedby=\"caption-attachment-21350\" class=\" wp-image-21350\" src=\"http:\/\/argentinamunicipal.com.ar\/argentina\/wp-content\/uploads\/2014\/12\/imagen4.jpg\" alt=\"Pedro S\u00e1nchez encabez\u00f3 la reuni\u00f3n con los gremios.\" width=\"545\" height=\"306\" srcset=\"http:\/\/argentinamunicipal.com.ar\/argentina\/wp-content\/uploads\/2014\/12\/imagen4.jpg 800w, http:\/\/argentinamunicipal.com.ar\/argentina\/wp-content\/uploads\/2014\/12\/imagen4-300x168.jpg 300w\" sizes=\"auto, (max-width: 545px) 100vw, 545px\" \/><\/a><p id=\"caption-attachment-21350\" class=\"wp-caption-text\">Pedro S\u00e1nchez encabez\u00f3 la reuni\u00f3n con los gremios.<\/p><\/div>\n<p>&nbsp;<\/p>\n<p>As\u00ed lo acordaron el Ejecutivo y los gremios. Se abonar\u00e1 en dos partes, la primera el pr\u00f3ximo lunes 22.<\/p>\n<p>Un ofrecimiento por parte del Ejecutivo de dos mil pesos en diciembre -se pagar\u00e1n el 22- como suma fija y otros 800 en la primera quincena de enero destrab\u00f3 el conflicto municipal y permiti\u00f3 la firma de un acta con los gremios UPCN y Soyem, que nuclean a los trabajadores de la comuna.<\/p>\n<p>En el caso del personal docente se tendr\u00e1 en cuenta sobre dichas sumas la proporcionalidad en la carga horaria en la que reviste cada uno de ellos a fin de determinan el importe que por tal concepto corresponde abonar.<\/p>\n<p>El municipio destac\u00f3 la aprobaci\u00f3n de la ordenanza tarifaria en primera vuelta (ver aparte). \u00abCon la expectativa de que contar con su aprobaci\u00f3n en doble vuelta, es que se abonar\u00e1 dentro de la primera quincena de enero de 2015 un suma fija de 800 pesos\u00bb.<\/p>\n<p>Se fij\u00f3 para el 4 de febrero a las 18 la reuni\u00f3n de la Mesa de la Funci\u00f3n P\u00fablica Municipal a fin de iniciar las conversaciones sobre la pauta de incremento salarial para el a\u00f1o 2015 la que incluir\u00e1 el mes de febrero.<\/p>\n<h6>Fuente: R\u00edo Negro<\/h6>\n","protected":false},"excerpt":{"rendered":"<p>&nbsp; As\u00ed lo acordaron el Ejecutivo y los gremios. Se abonar\u00e1 en dos partes, la primera el pr\u00f3ximo lunes 22. Un ofrecimiento por parte del Ejecutivo de dos mil pesos en diciembre -se pagar\u00e1n el 22- como suma fija y otros 800 en la primera quincena de enero destrab\u00f3 el conflicto municipal y permiti\u00f3 la<\/p>\n","protected":false},"author":2,"featured_media":21350,"comment_status":"closed","ping_status":"closed","sticky":false,"template":"","format":"standard","meta":{"footnotes":""},"categories":[7],"tags":[11],"class_list":["post-21349","post","type-post","status-publish","format-standard","has-post-thumbnail","hentry","category-informe-sindical","tag-rio-negro"],"_links":{"self":[{"href":"http:\/\/argentinamunicipal.com.ar\/argentina\/wp-json\/wp\/v2\/posts\/21349","targetHints":{"allow":["GET"]}}],"collection":[{"href":"http:\/\/argentinamunicipal.com.ar\/argentina\/wp-json\/wp\/v2\/posts"}],"about":[{"href":"http:\/\/argentinamunicipal.com.ar\/argentina\/wp-json\/wp\/v2\/types\/post"}],"author":[{"embeddable":true,"href":"http:\/\/argentinamunicipal.com.ar\/argentina\/wp-json\/wp\/v2\/users\/2"}],"replies":[{"embeddable":true,"href":"http:\/\/argentinamunicipal.com.ar\/argentina\/wp-json\/wp\/v2\/comments?post=21349"}],"version-history":[{"count":0,"href":"http:\/\/argentinamunicipal.com.ar\/argentina\/wp-json\/wp\/v2\/posts\/21349\/revisions"}],"wp:featuredmedia":[{"embeddable":true,"href":"http:\/\/argentinamunicipal.com.ar\/argentina\/wp-json\/wp\/v2\/media\/21350"}],"wp:attachment":[{"href":"http:\/\/argentinamunicipal.com.ar\/argentina\/wp-json\/wp\/v2\/media?parent=21349"}],"wp:term":[{"taxonomy":"category","embeddable":true,"href":"http:\/\/argentinamunicipal.com.ar\/argentina\/wp-json\/wp\/v2\/categories?post=21349"},{"taxonomy":"post_tag","embeddable":true,"href":"http:\/\/argentinamunicipal.com.ar\/argentina\/wp-json\/wp\/v2\/tags?post=21349"}],"curies":[{"name":"wp","href":"https:\/\/api.w.org\/{rel}","templated":true}]}}