{"id":21352,"date":"2014-12-17T08:30:12","date_gmt":"2014-12-17T11:30:12","guid":{"rendered":"http:\/\/argentinamunicipal.com.ar\/argentina\/?p=21352"},"modified":"2014-12-17T10:33:06","modified_gmt":"2014-12-17T13:33:06","slug":"tucuman-entregaron-motocarros-para-que-vecinos-reemplacen-los-traccion-sangre","status":"publish","type":"post","link":"http:\/\/argentinamunicipal.com.ar\/argentina\/tucuman-entregaron-motocarros-para-que-vecinos-reemplacen-los-traccion-sangre\/","title":{"rendered":"Tucum\u00e1n: entregaron motocarros para que vecinos reemplacen los tracci\u00f3n a sangre"},"content":{"rendered":"<p><a href=\"http:\/\/argentinamunicipal.com.ar\/argentina\/wp-content\/uploads\/2014\/12\/007bd6.jpg\"><img loading=\"lazy\" decoding=\"async\" class=\"alignleft size-full wp-image-21353\" src=\"http:\/\/argentinamunicipal.com.ar\/argentina\/wp-content\/uploads\/2014\/12\/007bd6.jpg\" alt=\"007bd6\" width=\"483\" height=\"322\" srcset=\"http:\/\/argentinamunicipal.com.ar\/argentina\/wp-content\/uploads\/2014\/12\/007bd6.jpg 483w, http:\/\/argentinamunicipal.com.ar\/argentina\/wp-content\/uploads\/2014\/12\/007bd6-300x199.jpg 300w\" sizes=\"auto, (max-width: 483px) 100vw, 483px\" \/><\/a>Familias de barrio Costanera Norte mejorar\u00e1n su calidad de vida, condiciones laborales y de inserci\u00f3n social sustituyendo sus carros de tracci\u00f3n a sangre por motocarros, en el marco de un programa que por primera vez se puso en marcha en la provincia. Ayer el Intendente Domingo Amaya lanz\u00f3 la primera etapa del \u201cPrograma Municipal de Sustituci\u00f3n de Tracci\u00f3n a Sangre por Motocarros\u201d, durante un acto que se realiz\u00f3 en el CENARA ubicado en avenida Francisco de Aguirre al 1.500.<\/p>\n<p>All\u00ed, ocho familias recibieron las llaves de sus nuevos veh\u00edculos. Amaya se\u00f1al\u00f3 que \u201cesto tiene que ver con la inclusi\u00f3n\u201d, para contribuir a que\u00a0 las familias que trabajan con este medio de transporte \u201cdignifiquen su vida\u201d.<\/p>\n<p>Explic\u00f3 que los caballos ser\u00e1n atendidos por veterinarios de la cl\u00ednica del CENARA y una vez recuperados formar\u00e1n parte del \u201cCentro de Terapia Asistida con Animales\u201d. \u201cEl objetivo es que protejamos a los animales y cumplan otra funci\u00f3n\u201d desde ahora, brindando un servicio a personas con discapacidades, expres\u00f3 el Jefe Comunal, agregando que \u201cel Cenara \u00a0est\u00e1 cumpliendo un objetivo muy bueno, tiene gente que trabaja con mucho amor y mucha pasi\u00f3n\u201d.<\/p>\n<p>\u201cNos va a cambiar la manera de vivir. Con los motocarros vamos a acceder a lugares que no pod\u00edamos antes\u201d, expres\u00f3 Cristina Beatriz Rojas, una de las beneficiadas. \u00a0\u201cEstoy contenta, mi hijo tendr\u00e1 como trabajar, para ayudarme a m\u00ed tambi\u00e9n, agreg\u00f3 Clara Abreg\u00fa.<\/p>\n<p>Cada motocarro fue entregado con su casco protector para el conductor que ser\u00e1 capacitado en educaci\u00f3n vial, y se lo guiar\u00e1 para tramitar la licencia nacional de conducir en el caso de que no la tenga a\u00fan.<\/p>\n<p>Del acto participaron el Secretario de Gobierno Municipal Germ\u00e1n Alfaro,\u00a0 el concejal Eloy del Pino, el Secretario de Servicios Publicos Municipal Walter Berarducci, y el titula del CENARA Jorge Perez Musacchia.<\/p>\n<h6>Fuente: Tucum\u00e1n Hoy<\/h6>\n","protected":false},"excerpt":{"rendered":"<p>Familias de barrio Costanera Norte mejorar\u00e1n su calidad de vida, condiciones laborales y de inserci\u00f3n social sustituyendo sus carros de tracci\u00f3n a sangre por motocarros, en el marco de un programa que por primera vez se puso en marcha en la provincia. Ayer el Intendente Domingo Amaya lanz\u00f3 la primera etapa del \u201cPrograma Municipal de<\/p>\n","protected":false},"author":2,"featured_media":21353,"comment_status":"closed","ping_status":"closed","sticky":false,"template":"","format":"standard","meta":{"footnotes":""},"categories":[2],"tags":[33],"class_list":["post-21352","post","type-post","status-publish","format-standard","has-post-thumbnail","hentry","category-informe-municipal","tag-tucuman"],"_links":{"self":[{"href":"http:\/\/argentinamunicipal.com.ar\/argentina\/wp-json\/wp\/v2\/posts\/21352","targetHints":{"allow":["GET"]}}],"collection":[{"href":"http:\/\/argentinamunicipal.com.ar\/argentina\/wp-json\/wp\/v2\/posts"}],"about":[{"href":"http:\/\/argentinamunicipal.com.ar\/argentina\/wp-json\/wp\/v2\/types\/post"}],"author":[{"embeddable":true,"href":"http:\/\/argentinamunicipal.com.ar\/argentina\/wp-json\/wp\/v2\/users\/2"}],"replies":[{"embeddable":true,"href":"http:\/\/argentinamunicipal.com.ar\/argentina\/wp-json\/wp\/v2\/comments?post=21352"}],"version-history":[{"count":0,"href":"http:\/\/argentinamunicipal.com.ar\/argentina\/wp-json\/wp\/v2\/posts\/21352\/revisions"}],"wp:featuredmedia":[{"embeddable":true,"href":"http:\/\/argentinamunicipal.com.ar\/argentina\/wp-json\/wp\/v2\/media\/21353"}],"wp:attachment":[{"href":"http:\/\/argentinamunicipal.com.ar\/argentina\/wp-json\/wp\/v2\/media?parent=21352"}],"wp:term":[{"taxonomy":"category","embeddable":true,"href":"http:\/\/argentinamunicipal.com.ar\/argentina\/wp-json\/wp\/v2\/categories?post=21352"},{"taxonomy":"post_tag","embeddable":true,"href":"http:\/\/argentinamunicipal.com.ar\/argentina\/wp-json\/wp\/v2\/tags?post=21352"}],"curies":[{"name":"wp","href":"https:\/\/api.w.org\/{rel}","templated":true}]}}