{"id":21355,"date":"2014-12-17T10:40:26","date_gmt":"2014-12-17T13:40:26","guid":{"rendered":"http:\/\/argentinamunicipal.com.ar\/argentina\/?p=21355"},"modified":"2014-12-17T10:40:26","modified_gmt":"2014-12-17T13:40:26","slug":"morales-dio-catedra-frente-un-masivo-auditorio","status":"publish","type":"post","link":"http:\/\/argentinamunicipal.com.ar\/argentina\/morales-dio-catedra-frente-un-masivo-auditorio\/","title":{"rendered":"Morales dio c\u00e1tedra frente a un masivo auditorio"},"content":{"rendered":"<p><a href=\"http:\/\/argentinamunicipal.com.ar\/argentina\/wp-content\/uploads\/2014\/12\/o_1418790994.jpg\"><img loading=\"lazy\" decoding=\"async\" class=\"aligncenter size-full wp-image-21356\" src=\"http:\/\/argentinamunicipal.com.ar\/argentina\/wp-content\/uploads\/2014\/12\/o_1418790994.jpg\" alt=\"o_1418790994\" width=\"640\" height=\"360\" srcset=\"http:\/\/argentinamunicipal.com.ar\/argentina\/wp-content\/uploads\/2014\/12\/o_1418790994.jpg 640w, http:\/\/argentinamunicipal.com.ar\/argentina\/wp-content\/uploads\/2014\/12\/o_1418790994-300x168.jpg 300w\" sizes=\"auto, (max-width: 640px) 100vw, 640px\" \/><\/a><br \/>\nEn un tono c\u00e1lido, sencillo, bien alejado del acento de barricada, Evo Morales dio ayer un discurso prolijo y claro, que hizo centro en la clave de su \u00e9xito al frente del gobierno de Bolivia: la recuperaci\u00f3n para el Estado de los recursos naturales de su pa\u00eds.<\/p>\n<p>Ante un Teatro 3 de Febrero colmado, en su mayor\u00eda por agrupaciones juveniles enroladas en el kirchnerismo, el presidente de Bolivia Evo Morales recibi\u00f3 ayer por la tarde el t\u00edtulo de Doctor Honoris Causa, otorgado por la Universidad Nacional de Entre R\u00edos (UNER).<\/p>\n<p>El mandatario se mostr\u00f3 sorprendido por el cari\u00f1o que le dispens\u00f3 del pueblo entrerriano \u2013que pudo constatar en su recorrida por la ciudad y el partido de f\u00fatbol que jug\u00f3 por la tarde en el club Olimpia (ver aparte)- y tambi\u00e9n por la distinci\u00f3n de la UNER, que se suma a una serie de galardones otorgados por altas casas de estudio de Argentina. \u201cEsto se debe a la lucha del pueblo boliviano\u201d, remarc\u00f3, luego de bromear con el t\u00edtulo de \u201cdoctor Evo\u201d.<\/p>\n<p>En el escenario lo acompa\u00f1aron el gobernador Sergio Urribarri, el vicegobernador Jos\u00e9 C\u00e1ceres, la intendenta de Paran\u00e1, Blanca Osuna; el canciller del estado del Bolivia David Choquehuanca, el Embajador de Bolivia en Argentina, Liborio Flores Enr\u00edquez; el embajador de Argentina en Bolivia, Sergio Basteiro; el rector de la Universidad Nacional de Entre R\u00edos (UNER), Jorge Gerard; y el secretario General de la Central de Trabajadores de Argentina (CTA) Hugo Yasky.<\/p>\n<p>Morales repas\u00f3 su experiencia, dijo, para que presten especial atenci\u00f3n los movimientos sociales de Argentina. Defendi\u00f3 su pase \u201cde la lucha sindical\u201d a \u201cla lucha electoral\u201d, que sirvi\u00f3 para \u201crefundar Bolivia en lo pol\u00edtico\u201d y \u201crecuperar nuestros recursos naturales en lo econ\u00f3mico\u201d para redistribuir la riqueza.<\/p>\n<p>El Presidente repas\u00f3 que tras ese objetivo se reform\u00f3 la constituci\u00f3n en 2006, resistida y luego ratificada por un 67% de votos; mencion\u00f3 los intentos de golpe de estado abortados, en buena medida por el apoyo de los pa\u00edses hermanos y de \u201cfuerzas armadas revolucionarias al servicio del pueblo\u201d; y la final aprobaci\u00f3n por el 70% de los votos de la formaci\u00f3n del Estado Plurinacional de Bolivia.<\/p>\n<p>Dijo que pasaron de una \u201cdemocracia pactada, porque no hab\u00eda un partido que gane por m\u00e1s del 50%\u201d, a una \u201cdemocracia leg\u00edtima donde ganamos con dos tercios\u201d.<\/p>\n<p><strong>FESTEJOS. <\/strong><\/p>\n<p>Insistentemente aplaudido por un auditorio copado por agrupaciones juveniles del oficialismo, a largo de su discurso de media hora, Evo fue interrumpido en mil oportunidades, pr\u00e1cticamente al final de cada p\u00e1rrafo. Entre las frases m\u00e1s festejadas, se destacan:<\/p>\n<p>&#8211; \u201cMalvinas es de Argentina\u201d.<\/p>\n<p>&#8211; \u201cEn algunos pa\u00edses de Am\u00e9rica Latina no gobiernan los presidentes electos, sino los empresarios y banqueros\u201d.<\/p>\n<p>&#8211; \u201cMientras haya capitalismo e imperialismo, la lucha seguir\u00e1\u201d.<\/p>\n<p>&#8211; \u201cCuando llegamos al gobierno las reservas internacionales de Bolivia era apenas 1.700 millones de d\u00f3lares, ahora tenemos m\u00e1s de 15 mil millones de d\u00f3lares\u201d.<\/p>\n<p>-\u201cLos pol\u00edticos deben acabar con la soberbia y el abuso de poder\u201d.<\/p>\n<p>&#8211; \u201cCuando la pol\u00edtica se usa bien para el pueblo, la pol\u00edtica para el pol\u00edtico no es beneficio ni negocio, sino servicio y compromiso\u201d.<\/p>\n<p>En primera fila, aplaud\u00edan, entre otros, los ministros Ad\u00e1n Bahl, Diego Valiero, Pedro B\u00e1ez, Jorge Ballay, Jos\u00e9 Lauritto; los legisladores Jos\u00e9 Allende, Laura Stratta, Mart\u00edn Uranga, Juan Jos\u00e9 Albornoz.<\/p>\n<p>La concurrencia estuvo claramente dominada por dirigentes y militantes del oficialismo. La \u00fanica excepci\u00f3n la marc\u00f3 el diputado socialista Lisandro Viale, candidato a gobernador en el marco de UNEN, que se ubic\u00f3 junto a sus pares en la Legislatura.<\/p>\n<p>Entre otras banderas de agrupaciones desplegadas en las gradas del Teatro se pudo ver las de La Colectiva; el Partido Comunista Congreso Extraordinario (PCCE) que motoriz\u00f3 la iniciativa del t\u00edtulo Doctor Honoris Causa en la Facultad de Ciencias de la Educaci\u00f3n; la Federaci\u00f3n Juvenil Comunista; la Central de Trabajadores Argentinos (CTA).<\/p>\n<p><strong>VOLTEAR LA TORTILLA. <\/strong><\/p>\n<p>Morales hizo hincapi\u00e9 en la autonom\u00eda que le dio a Bolivia la nacionalizaci\u00f3n de sus hidrocarburos. Cont\u00f3 que \u201cantes los gobiernos nos dec\u00edan que el gas y el petr\u00f3leo, cuando est\u00e1 debajo de la tierra es de los bolivianos, pero cuando salen de la tierra ya no es de los bolivianos y la petrolera adquiere derecho de propiedad en boca de pozo. De todos los ingresos, el 82% eran para la empresa y 18 para Bolivia\u201d.<\/p>\n<p>\u201cNosotros planteamos que el gas deb\u00eda ser de los bolivianos adentro y afuera. Los t\u00e9cnicos dec\u00edan que la relaci\u00f3n deb\u00eda ser del 70 y el 30% y yo les dec\u00eda hay que voltear la tortilla\u201d, sostuvo. Y si a la petrolera no le gusta, \u201ctiene el derecho de irse\u201d, afirm\u00f3, seguido de un estruendoso aplauso de la militancia kichnerista.<\/p>\n<p>En la actualidad, cont\u00f3 Evo, el 85% es para Bolivia y 15% para las empresas, de los cuales un 7% debe reinvertirse y le queda una utilidad del 8%. \u201cBolivia se queda con 92% y la empresa con el 8%, ese es el modelo boliviano\u201d, dijo, y los aplausos se duplicaron.<\/p>\n<p>\u201cEso cambi\u00f3 la situaci\u00f3n econ\u00f3mica del pa\u00eds\u201d, mencion\u00f3. Ten\u00edan un estado deficitario, en el que \u201cten\u00edamos que pedir prestado hasta para pagar aguinaldo al Banco Mundial, al Fondo Monetario\u201d que \u201cpara prestarnos nos chantajeaban\u201d con la imposici\u00f3n de privatizar los servicios b\u00e1sicos, la energ\u00eda, las telecomunicaciones. Tras la nacionalizaci\u00f3n planteada en esos t\u00e9rminos \u201cempez\u00f3 a sobrar la plata\u201d y se la empez\u00f3 a redistribuir, entre otras cosas con a creaci\u00f3n de un bono para evitar la deserci\u00f3n escolar que se logr\u00f3 reducir al 1%. \u201cCumplimos con el mandato del pueblo boliviano\u201d, sintetiz\u00f3 Morales.<\/p>\n<h3>Identificaci\u00f3n<\/h3>\n<p>Al momento de su discurso, previo al de Morales, el gobernador Sergio Urribarri salud\u00f3 la decisi\u00f3n de la UNER de \u201creconocerle a Evo su trayectoria y su lucha por el pueblo\u201d y dijo que compart\u00eda con el mandatario boliviano \u201cla visi\u00f3n de estadista y su gran coraz\u00f3n latinoamericano\u201d.<\/p>\n<p>Tras destacar el triunfo de Morales en las \u00faltimas elecciones presidenciales, Urribarri afirm\u00f3 que \u201cla integraci\u00f3n latinoamericana ha atravesado por distintos estad\u00edos\u201d y asever\u00f3: \u201cEste ciclo del Mercosur es claramente el m\u00e1s profundo en materia de empoderamiento ciudadano y esto causa escozor en los grupos dominantes\u201d.<\/p>\n<p>Luego se pregunt\u00f3: \u201c\u00bfPor qu\u00e9 no pensar en la libre circulaci\u00f3n de los ciudadanos dentro del Mercosur y en una moneda \u00fanica que nos identifique a la regi\u00f3n? para todos los pa\u00edses que lo componen?\u201d<\/p>\n<p>Para cerrar, Urribarri hizo una t\u00edmida alusi\u00f3n a su postulaci\u00f3n presidencial: \u201cQu\u00e9dese tranquilo que en una de esas de estos pagos sucede a Cristina alguien que, como usted, va a pelear por el pueblo argentino y por el Mercosur\u201d, le dijo a Morales.<\/p>\n<p>M\u00e1s temprano, el primer discurso de la noche hab\u00eda estado a cargo del titular de la CTA, Hugo Yasky, quien asever\u00f3: \u201cLa potencia de estos j\u00f3venes demuestra que la lucha tiene futuro\u201d.<\/p>\n<p>Enseguida record\u00f3 el \u201cpapel central que tuvieron N\u00e9stor, el comandante Ch\u00e1vez. Lula y tambi\u00e9n Fidel Castro cuando en el 2005 se le dijo no al ALCA\u201d.<\/p>\n<p>M\u00e1s tarde destac\u00f3 la figura de Evo Morales, \u201cque trasciende Bolivia y es uno de los emblemas del antiimperialismo\u201d y concluy\u00f3: \u201cEl fin de ciclo no existe, Am\u00e9rica Latina est\u00e1 de pie\u201d.<\/p>\n<p>En tanto, el rector Jorge Gerard hizo hincapi\u00e9 en la necesidad de \u201cseguir estrechando lazos con las universidades de Bolivia\u201d<\/p>\n<h6>Fuente: Uno, Entre R\u00edos<\/h6>\n","protected":false},"excerpt":{"rendered":"<p>En un tono c\u00e1lido, sencillo, bien alejado del acento de barricada, Evo Morales dio ayer un discurso prolijo y claro, que hizo centro en la clave de su \u00e9xito al frente del gobierno de Bolivia: la recuperaci\u00f3n para el Estado de los recursos naturales de su pa\u00eds. Ante un Teatro 3 de Febrero colmado, en<\/p>\n","protected":false},"author":2,"featured_media":21356,"comment_status":"closed","ping_status":"closed","sticky":false,"template":"","format":"standard","meta":{"footnotes":""},"categories":[8],"tags":[17],"class_list":["post-21355","post","type-post","status-publish","format-standard","has-post-thumbnail","hentry","category-informe-nacional","tag-entre-rios"],"_links":{"self":[{"href":"http:\/\/argentinamunicipal.com.ar\/argentina\/wp-json\/wp\/v2\/posts\/21355","targetHints":{"allow":["GET"]}}],"collection":[{"href":"http:\/\/argentinamunicipal.com.ar\/argentina\/wp-json\/wp\/v2\/posts"}],"about":[{"href":"http:\/\/argentinamunicipal.com.ar\/argentina\/wp-json\/wp\/v2\/types\/post"}],"author":[{"embeddable":true,"href":"http:\/\/argentinamunicipal.com.ar\/argentina\/wp-json\/wp\/v2\/users\/2"}],"replies":[{"embeddable":true,"href":"http:\/\/argentinamunicipal.com.ar\/argentina\/wp-json\/wp\/v2\/comments?post=21355"}],"version-history":[{"count":0,"href":"http:\/\/argentinamunicipal.com.ar\/argentina\/wp-json\/wp\/v2\/posts\/21355\/revisions"}],"wp:featuredmedia":[{"embeddable":true,"href":"http:\/\/argentinamunicipal.com.ar\/argentina\/wp-json\/wp\/v2\/media\/21356"}],"wp:attachment":[{"href":"http:\/\/argentinamunicipal.com.ar\/argentina\/wp-json\/wp\/v2\/media?parent=21355"}],"wp:term":[{"taxonomy":"category","embeddable":true,"href":"http:\/\/argentinamunicipal.com.ar\/argentina\/wp-json\/wp\/v2\/categories?post=21355"},{"taxonomy":"post_tag","embeddable":true,"href":"http:\/\/argentinamunicipal.com.ar\/argentina\/wp-json\/wp\/v2\/tags?post=21355"}],"curies":[{"name":"wp","href":"https:\/\/api.w.org\/{rel}","templated":true}]}}