{"id":21366,"date":"2014-12-20T07:04:20","date_gmt":"2014-12-20T10:04:20","guid":{"rendered":"http:\/\/argentinamunicipal.com.ar\/argentina\/?p=21366"},"modified":"2014-12-17T11:20:22","modified_gmt":"2014-12-17T14:20:22","slug":"feria-del-pan-navideno-en-yala-21-de-diciembre","status":"publish","type":"post","link":"http:\/\/argentinamunicipal.com.ar\/argentina\/feria-del-pan-navideno-en-yala-21-de-diciembre\/","title":{"rendered":"Feria del Pan Navide\u00f1o en Yala, 21 de diciembre"},"content":{"rendered":"<p><a href=\"http:\/\/argentinamunicipal.com.ar\/argentina\/wp-content\/uploads\/2014\/12\/8321347101_8c70b79f78.jpg\"><img loading=\"lazy\" decoding=\"async\" class=\"aligncenter size-full wp-image-21367\" src=\"http:\/\/argentinamunicipal.com.ar\/argentina\/wp-content\/uploads\/2014\/12\/8321347101_8c70b79f78.jpg\" alt=\"8321347101_8c70b79f78\" width=\"500\" height=\"375\" srcset=\"http:\/\/argentinamunicipal.com.ar\/argentina\/wp-content\/uploads\/2014\/12\/8321347101_8c70b79f78.jpg 500w, http:\/\/argentinamunicipal.com.ar\/argentina\/wp-content\/uploads\/2014\/12\/8321347101_8c70b79f78-300x225.jpg 300w\" sizes=\"auto, (max-width: 500px) 100vw, 500px\" \/><\/a><\/p>\n<p>Emprendedores y productores pondr\u00e1n a la venta productos t\u00edpicos.<\/p>\n<p>Como cada a\u00f1o, el Municipio Ecotur\u00edstico de Yala invit\u00f3 a la comunidad a participar de una nueva edici\u00f3n de la Feria del Pan Navide\u00f1o este domingo desde las 15, en el predio de entrada al complejo tur\u00edstico \u00abEl Refugio\u00bb, a la vera de la ruta nacional 9.<\/p>\n<p>En esta oportunidad estar\u00e1n presentes todos los emprendedores y productores de la jurisdicci\u00f3n que pondr\u00e1n a la venta diversos productos navide\u00f1os caseros como panes de navidad, budines y turrones; adem\u00e1s de bollos, empanadillas, quesos de baca y de cabra, dulces, nueces y licores artesanales. Tambi\u00e9n se instalar\u00e1n artesanos en madera, en cuero y en lana, exponiendo una amplia gama de elementos como pellones, alforjas, y art\u00edculos en cuero<\/p>\n<p>Durante la jornada tambi\u00e9n se presentar\u00e1 la oferta tur\u00edstica de Yala en un stand, integrado por emprendedores y gu\u00edas que dar\u00e1n a conocer circuitos y atractivos culturales de los lugare\u00f1os. La actividad contar\u00e1 con la actuaci\u00f3n de grupos folcl\u00f3ricos de la provincia, y en esta oportunidad el municipio invit\u00f3 a todos aquellos conjuntos o solistas folcl\u00f3ricos que deseen presentarse en el escenario de la tradicional Feria del Pan Navide\u00f1o a comunicarse para confirmar su presencia, a los tel\u00e9fonos 0388-4922255 o 4922002 en horario comercial.<\/p>\n<h6>Fuente: El Tribuno, Jujuy<\/h6>\n","protected":false},"excerpt":{"rendered":"<p>Emprendedores y productores pondr\u00e1n a la venta productos t\u00edpicos. Como cada a\u00f1o, el Municipio Ecotur\u00edstico de Yala invit\u00f3 a la comunidad a participar de una nueva edici\u00f3n de la Feria del Pan Navide\u00f1o este domingo desde las 15, en el predio de entrada al complejo tur\u00edstico \u00abEl Refugio\u00bb, a la vera de la ruta nacional<\/p>\n","protected":false},"author":2,"featured_media":21369,"comment_status":"closed","ping_status":"closed","sticky":false,"template":"","format":"standard","meta":{"footnotes":""},"categories":[47],"tags":[25],"class_list":["post-21366","post","type-post","status-publish","format-standard","has-post-thumbnail","hentry","category-fiestas","tag-jujuy"],"_links":{"self":[{"href":"http:\/\/argentinamunicipal.com.ar\/argentina\/wp-json\/wp\/v2\/posts\/21366","targetHints":{"allow":["GET"]}}],"collection":[{"href":"http:\/\/argentinamunicipal.com.ar\/argentina\/wp-json\/wp\/v2\/posts"}],"about":[{"href":"http:\/\/argentinamunicipal.com.ar\/argentina\/wp-json\/wp\/v2\/types\/post"}],"author":[{"embeddable":true,"href":"http:\/\/argentinamunicipal.com.ar\/argentina\/wp-json\/wp\/v2\/users\/2"}],"replies":[{"embeddable":true,"href":"http:\/\/argentinamunicipal.com.ar\/argentina\/wp-json\/wp\/v2\/comments?post=21366"}],"version-history":[{"count":0,"href":"http:\/\/argentinamunicipal.com.ar\/argentina\/wp-json\/wp\/v2\/posts\/21366\/revisions"}],"wp:featuredmedia":[{"embeddable":true,"href":"http:\/\/argentinamunicipal.com.ar\/argentina\/wp-json\/wp\/v2\/media\/21369"}],"wp:attachment":[{"href":"http:\/\/argentinamunicipal.com.ar\/argentina\/wp-json\/wp\/v2\/media?parent=21366"}],"wp:term":[{"taxonomy":"category","embeddable":true,"href":"http:\/\/argentinamunicipal.com.ar\/argentina\/wp-json\/wp\/v2\/categories?post=21366"},{"taxonomy":"post_tag","embeddable":true,"href":"http:\/\/argentinamunicipal.com.ar\/argentina\/wp-json\/wp\/v2\/tags?post=21366"}],"curies":[{"name":"wp","href":"https:\/\/api.w.org\/{rel}","templated":true}]}}