{"id":21374,"date":"2014-12-18T08:52:02","date_gmt":"2014-12-18T11:52:02","guid":{"rendered":"http:\/\/argentinamunicipal.com.ar\/argentina\/?p=21374"},"modified":"2014-12-18T10:35:59","modified_gmt":"2014-12-18T13:35:59","slug":"cumbre-del-mercosur-apunto-la-integracion-con-inclusion-social","status":"publish","type":"post","link":"http:\/\/argentinamunicipal.com.ar\/argentina\/cumbre-del-mercosur-apunto-la-integracion-con-inclusion-social\/","title":{"rendered":"Cumbre del Mercosur apunt\u00f3 a la integraci\u00f3n con inclusi\u00f3n social"},"content":{"rendered":"<p><a href=\"http:\/\/argentinamunicipal.com.ar\/argentina\/wp-content\/uploads\/2014\/12\/0011979391.jpg\"><img loading=\"lazy\" decoding=\"async\" class=\"aligncenter size-full wp-image-21448\" src=\"http:\/\/argentinamunicipal.com.ar\/argentina\/wp-content\/uploads\/2014\/12\/0011979391.jpg\" alt=\"Evo Morales, Jose Mujica, Dilma Rousseff, Cristina Fernandez, Horacio Cartes ,  Nicolas Maduro\" width=\"770\" height=\"433\" srcset=\"http:\/\/argentinamunicipal.com.ar\/argentina\/wp-content\/uploads\/2014\/12\/0011979391.jpg 770w, http:\/\/argentinamunicipal.com.ar\/argentina\/wp-content\/uploads\/2014\/12\/0011979391-300x168.jpg 300w\" sizes=\"auto, (max-width: 770px) 100vw, 770px\" \/><\/a><br \/>\nLa 47 cumbre de jefes y jefas de Estado en Paran\u00e1 finaliz\u00f3 con el \u00e9nfasis puesto en la integraci\u00f3n para integraci\u00f3n al mundo.<\/p>\n<p>El encuentro tambi\u00e9n sepult\u00f3 los resquemores por la suspensi\u00f3n de Paraguay en 2012-2013 y se mantiene expectante por el inminente ingreso de Bolivia como miembro pleno.<\/p>\n<p>La presidenta Cristina Fern\u00e1ndez de Kirchner resalt\u00f3 que los pa\u00edses que integran el Mercosur demostraron que \u201ces imposible integrarse al mundo si no se est\u00e1 (antes) integrado en la regi\u00f3n\u201d, al encabezar la cumbre de jefes y jefas de Estado del bloque de pa\u00edses que se desarroll\u00f3 en Paran\u00e1, Entre R\u00edos.<\/p>\n<p>Las palabras que pronunci\u00f3 la mandataria en el discurso de apertura de la cumbre que concluy\u00f3 con la transferencia de la presidencia pro t\u00e9mpore a Brasil, fueron recogidas por la mayor\u00eda de los mandatarios y conceptualmente quedaron reflejadas tambi\u00e9n en los documentos suscriptos por los mandatarios.<\/p>\n<p>La Presidenta se refiri\u00f3 a la integraci\u00f3n regional como \u201cun punto central en las pol\u00edticas p\u00fablicas de cada uno\u201d de los pa\u00edses miembros del Mercosur y sostuvo que \u201centenderse con los vecinos, comerciar con los vecinos no puede ser nunca un obst\u00e1culo para integrarse al mundo\u201d.<\/p>\n<p>\u201c\u00bfC\u00f3mo me voy a integrar al mundo si no soy capaz de integrarme con el que vive al lado?\u201d, se pregunt\u00f3 y sostuvo que \u00abquienes intentaron definir al Mercosur como un obst\u00e1culo son los que quieren que los pa\u00edses de la regi\u00f3n vuelvan al pasado, a relacionarse con desconfianza\u00bb.<\/p>\n<p>El concepto de integraci\u00f3n, y sobre todo la integraci\u00f3n con inclusi\u00f3n social, fue retomada en sus discursos por los presidentes Jos\u00e9 Mujica (Uruguay), Evo Morales (Bolivia), Nicol\u00e1s Maduro(Venezuela), Dilma Rousseff (Brasil) y Horacio Cartes (Paraguay), quienes tambi\u00e9n remarcaron la necesidad de contemplar las asimetr\u00edas existentes entre sus pa\u00edses.<\/p>\n<p><strong>Incorporaci\u00f3n de Bolivia<\/strong>. En una cumbre que fue corta en extensi\u00f3n y en la que no hubo espacio para encuentros bilaterales, uno de los puntos salientes fueron las constantes manifestaciones de representantes de distintos pa\u00edses para que se concluya el proceso de integraci\u00f3n de Bolivia como miembro pleno del bloque de pa\u00edses.<\/p>\n<p>\u201cPol\u00edticamente ya est\u00e1 integrado, lo que falta es definir su ingreso formal\u201d, explic\u00f3 una fuente que sigue de cerca las negociaciones para el ingreso pleno de Bolivia al Mercosur.<\/p>\n<p>M\u00e1s all\u00e1 de las formalidades, el nombre del presidente boliviano qued\u00f3 estampado en el documento referido a las acciones de los presidentes de los \u201cEstados Parte\u201d del Mercosur.<\/p>\n<p>En ese documento, los jefes y jefas de Estado del Mercosur \u201creiteraron su firme compromiso con el Mercosur, destacando que sus objetivos deben orientarse a profundizar la integraci\u00f3n y el desarrollo de los pueblos, la consolidaci\u00f3n de la democracia y el respeto de los derechos humanos\u201d.<\/p>\n<p>Adem\u00e1s \u201cratificaron su determinaci\u00f3n de fortalecer la dimensi\u00f3n social y ciudadana de la integraci\u00f3n, resaltando la importancia de los trabajos que se desarrollan en los distintos foros para garantizar la generaci\u00f3n de empleo y el crecimiento econ\u00f3mico con justicia e inclusi\u00f3n social\u201d.<\/p>\n<p>En materia econ\u00f3mica \u201cmanifestaron la necesidad de continuar impulsando iniciativas y acciones que conduzcan a avanzar en la complementariedad de las estructuras productivas de los Estados Parte, lo cual permitir\u00e1 fortalecer el modelo regional de desarrollo econ\u00f3mico inclusivo y ayudar\u00e1 a mejorar las condiciones de competitividad de los diferentes sectores\u201d.<\/p>\n<p><strong>Negociaciones con la Uni\u00f3n Europea<\/strong>. Los presidentes de los pa\u00edses miembros del Mercosur tambi\u00e9n dejaron sentado, por escrito, que se encuentran a la espera de una oferta por parte de la Uni\u00f3n Europea, para avanzar en las negociaciones de un acuerdo comercial, algo que hab\u00eda anticipado el canciller H\u00e9ctor Timerman en las conferencias previas a la cumbre.<\/p>\n<p>Los mandatarios \u201cratificaron su inter\u00e9s en lograr un Acuerdo con la Uni\u00f3n Europea ambicioso, equilibrado y mutuamente beneficioso\u201d, indicaron a trav\u00e9s del comunicado.<\/p>\n<p>En ese sentido, reiteraron \u201csu disposici\u00f3n en establecer una fecha para el intercambio de las respectivas ofertas de acceso a mercados de bienes, servicios, inversiones y compras gubernamentales una vez que la Uni\u00f3n Europea concluya sus consultas internas necesarias para la presentaci\u00f3n de su oferta\u201d.<\/p>\n<p><strong>Malvinas y fondos buitre<\/strong>. Durante la cumbre, como es costumbre, la Argentina volvi\u00f3 a recibir el apoyo de los pa\u00edses miembros del Mercosur y de los asociados en relaci\u00f3n a su reclamo de soberan\u00eda sobre las Islas Malvinas y a su posici\u00f3n en el litigio judicial con los fondos buitre.<\/p>\n<p>Para la cumbre en la cual ofici\u00f3 de anfitriona, la Presidenta dispuso la movilizaci\u00f3n hasta Entre R\u00edos de todos los embajadores argentinos en los pa\u00edses del Mercosur.<\/p>\n<p>Adem\u00e1s, en Paran\u00e1 estuvo acompa\u00f1ada por una comitiva que incluy\u00f3 al jefe de Gabinete, Jorge Capitanich; y a los ministros Axel Kiciloff (Econom\u00eda), Debora Giorgi (Industria) y Timerman (Relaciones Exteriores), entre otros.<\/p>\n<h6>Fuente: InfoRegi\u00f3n<\/h6>\n","protected":false},"excerpt":{"rendered":"<p>La 47 cumbre de jefes y jefas de Estado en Paran\u00e1 finaliz\u00f3 con el \u00e9nfasis puesto en la integraci\u00f3n para integraci\u00f3n al mundo. El encuentro tambi\u00e9n sepult\u00f3 los resquemores por la suspensi\u00f3n de Paraguay en 2012-2013 y se mantiene expectante por el inminente ingreso de Bolivia como miembro pleno. La presidenta Cristina Fern\u00e1ndez de Kirchner<\/p>\n","protected":false},"author":2,"featured_media":21448,"comment_status":"closed","ping_status":"closed","sticky":false,"template":"","format":"standard","meta":{"footnotes":""},"categories":[8],"tags":[17],"class_list":["post-21374","post","type-post","status-publish","format-standard","has-post-thumbnail","hentry","category-informe-nacional","tag-entre-rios"],"_links":{"self":[{"href":"http:\/\/argentinamunicipal.com.ar\/argentina\/wp-json\/wp\/v2\/posts\/21374","targetHints":{"allow":["GET"]}}],"collection":[{"href":"http:\/\/argentinamunicipal.com.ar\/argentina\/wp-json\/wp\/v2\/posts"}],"about":[{"href":"http:\/\/argentinamunicipal.com.ar\/argentina\/wp-json\/wp\/v2\/types\/post"}],"author":[{"embeddable":true,"href":"http:\/\/argentinamunicipal.com.ar\/argentina\/wp-json\/wp\/v2\/users\/2"}],"replies":[{"embeddable":true,"href":"http:\/\/argentinamunicipal.com.ar\/argentina\/wp-json\/wp\/v2\/comments?post=21374"}],"version-history":[{"count":0,"href":"http:\/\/argentinamunicipal.com.ar\/argentina\/wp-json\/wp\/v2\/posts\/21374\/revisions"}],"wp:featuredmedia":[{"embeddable":true,"href":"http:\/\/argentinamunicipal.com.ar\/argentina\/wp-json\/wp\/v2\/media\/21448"}],"wp:attachment":[{"href":"http:\/\/argentinamunicipal.com.ar\/argentina\/wp-json\/wp\/v2\/media?parent=21374"}],"wp:term":[{"taxonomy":"category","embeddable":true,"href":"http:\/\/argentinamunicipal.com.ar\/argentina\/wp-json\/wp\/v2\/categories?post=21374"},{"taxonomy":"post_tag","embeddable":true,"href":"http:\/\/argentinamunicipal.com.ar\/argentina\/wp-json\/wp\/v2\/tags?post=21374"}],"curies":[{"name":"wp","href":"https:\/\/api.w.org\/{rel}","templated":true}]}}