{"id":21377,"date":"2014-12-18T08:54:40","date_gmt":"2014-12-18T11:54:40","guid":{"rendered":"http:\/\/argentinamunicipal.com.ar\/argentina\/?p=21377"},"modified":"2014-12-18T08:54:40","modified_gmt":"2014-12-18T11:54:40","slug":"san-pedro-el-interino-consiguio-atp-y-anuncio-el-deposito-de-sueldos-de-noviembre","status":"publish","type":"post","link":"http:\/\/argentinamunicipal.com.ar\/argentina\/san-pedro-el-interino-consiguio-atp-y-anuncio-el-deposito-de-sueldos-de-noviembre\/","title":{"rendered":"San Pedro: El interino consigui\u00f3 ATP y anunci\u00f3 el dep\u00f3sito de sueldos de noviembre"},"content":{"rendered":"<p><a href=\"http:\/\/argentinamunicipal.com.ar\/argentina\/wp-content\/uploads\/2014\/12\/20141217164836_giovanettonni_en_el_concejo.jpg\"><img loading=\"lazy\" decoding=\"async\" class=\"alignleft  wp-image-21378\" src=\"http:\/\/argentinamunicipal.com.ar\/argentina\/wp-content\/uploads\/2014\/12\/20141217164836_giovanettonni_en_el_concejo.jpg\" alt=\"20141217164836_giovanettonni_en_el_concejo\" width=\"483\" height=\"265\" srcset=\"http:\/\/argentinamunicipal.com.ar\/argentina\/wp-content\/uploads\/2014\/12\/20141217164836_giovanettonni_en_el_concejo.jpg 620w, http:\/\/argentinamunicipal.com.ar\/argentina\/wp-content\/uploads\/2014\/12\/20141217164836_giovanettonni_en_el_concejo-300x164.jpg 300w\" sizes=\"auto, (max-width: 483px) 100vw, 483px\" \/><\/a>Fabio Giovanettoni dio muestras de acercamiento con los trabajadores. El secretario de Gobierno confirm\u00f3 que se hizo posible el dep\u00f3sito por coparticipaci\u00f3n y pedidos a Naci\u00f3n y Provincia. El 24 le pagar\u00e1n a los m\u00e9dicos.<\/p>\n<p>En su segundo d\u00eda como intendente interino de San Pedro, Fabio Giovanettoni orden\u00f3 el dep\u00f3sito de los sueldos de los trabajadores municipales correspondiente al mes de noviembre, en medio de una grave crisis constitucional que afecta al partido.<\/p>\n<p>\u201cYa hemos reunido el dinero que necesit\u00e1bamos as\u00ed que hoy estaremos depositando el dinero de los trabajadores\u201d, afirm\u00f3 a FM G\u00e9nesis local, el secretario de Gobierno, Ra\u00fal Cheyllada, quien destac\u00f3 que se trata de aportes de coparticipaci\u00f3n y \u201cde los pedidos que hicimos a Naci\u00f3n y Provincia\u201d.<\/p>\n<p>Seg\u00fan pudo reconstruir INFOCIELO, como resultado de las gestiones de ayer, el Municipio de San Pedro obtuvo recursos de Aportes del Tesoro Provincial (ATP), y adem\u00e1s, qued\u00f3 beneficiado con la decisi\u00f3n provincial de adelantar la coparticipaci\u00f3n.<\/p>\n<p>Con la toma de la Municipalidad por m\u00e1s de cinco d\u00edas, el reemplazante dePablo Guacone intenta dar gestos de cambios, a pesar que no cuenta con los recursos, en primera instancia, para hacer frente al d\u00e9ficit econ\u00f3mico de la Provincia.<\/p>\n<p>En ese marco, se comprometi\u00f3 con los profesionales m\u00e9dicos de CICOP a que les depositar\u00e1 el dinero el 24 de diciembre, medida que apunta a contrarrestar las constantes demandas que existe en el Hospital Municipal.<\/p>\n<p>Por otro lado, seg\u00fan cita La Opini\u00f3n, Giovanettoni llev\u00f3 una reuni\u00f3n de gabinete y con delegados, con miras de establecer acuerdos de trabajo durante este tiempo. Todo, se da luego de una reuni\u00f3n que mantuvo ayer en La Plata con representantes del Ministerio de Gobierno, en pos de obtener respaldo.<\/p>\n<p>\u201cAhora estoy enfocado en la responsabilidad de reemplazar al Intendente\u201d, sostuvo el jefe comunal a la prensa local y dijo desconocer el tiempo que cumplir\u00e1 en ese cargo, habida cuenta de que para muchos, Guacone pedir\u00e1 extender la licencia m\u00e9dica.<\/p>\n<p>El ahora jefe comunal resalt\u00f3 que cobrar\u00e1 su dieta como concejal y no como intendente, al tiempo que rescat\u00f3 la importancia del di\u00e1logo mientras est\u00e9 al frente del Municipio. \u201cLa crisis se destraba sent\u00e1ndose en una mesa en com\u00fan\u201d.<\/p>\n<p>Por \u00faltimo, Giovanettoni confirm\u00f3 a todos los integrantes del gabinete guaconista, que hab\u00edan presentado la renuncia una vez que se conoci\u00f3 el pedido de licencia. \u00abPor los pr\u00f3ximos d\u00edas la estructura seguir\u00e1 as\u00ed\u00bb, dijo este mi\u00e9rcoles.<\/p>\n<h6>Fuente: InfoCielo<\/h6>\n","protected":false},"excerpt":{"rendered":"<p>Fabio Giovanettoni dio muestras de acercamiento con los trabajadores. El secretario de Gobierno confirm\u00f3 que se hizo posible el dep\u00f3sito por coparticipaci\u00f3n y pedidos a Naci\u00f3n y Provincia. El 24 le pagar\u00e1n a los m\u00e9dicos. En su segundo d\u00eda como intendente interino de San Pedro, Fabio Giovanettoni orden\u00f3 el dep\u00f3sito de los sueldos de los<\/p>\n","protected":false},"author":2,"featured_media":21378,"comment_status":"closed","ping_status":"closed","sticky":false,"template":"","format":"standard","meta":{"footnotes":""},"categories":[7],"tags":[12],"class_list":["post-21377","post","type-post","status-publish","format-standard","has-post-thumbnail","hentry","category-informe-sindical","tag-buenos-aires"],"_links":{"self":[{"href":"http:\/\/argentinamunicipal.com.ar\/argentina\/wp-json\/wp\/v2\/posts\/21377","targetHints":{"allow":["GET"]}}],"collection":[{"href":"http:\/\/argentinamunicipal.com.ar\/argentina\/wp-json\/wp\/v2\/posts"}],"about":[{"href":"http:\/\/argentinamunicipal.com.ar\/argentina\/wp-json\/wp\/v2\/types\/post"}],"author":[{"embeddable":true,"href":"http:\/\/argentinamunicipal.com.ar\/argentina\/wp-json\/wp\/v2\/users\/2"}],"replies":[{"embeddable":true,"href":"http:\/\/argentinamunicipal.com.ar\/argentina\/wp-json\/wp\/v2\/comments?post=21377"}],"version-history":[{"count":0,"href":"http:\/\/argentinamunicipal.com.ar\/argentina\/wp-json\/wp\/v2\/posts\/21377\/revisions"}],"wp:featuredmedia":[{"embeddable":true,"href":"http:\/\/argentinamunicipal.com.ar\/argentina\/wp-json\/wp\/v2\/media\/21378"}],"wp:attachment":[{"href":"http:\/\/argentinamunicipal.com.ar\/argentina\/wp-json\/wp\/v2\/media?parent=21377"}],"wp:term":[{"taxonomy":"category","embeddable":true,"href":"http:\/\/argentinamunicipal.com.ar\/argentina\/wp-json\/wp\/v2\/categories?post=21377"},{"taxonomy":"post_tag","embeddable":true,"href":"http:\/\/argentinamunicipal.com.ar\/argentina\/wp-json\/wp\/v2\/tags?post=21377"}],"curies":[{"name":"wp","href":"https:\/\/api.w.org\/{rel}","templated":true}]}}