{"id":21383,"date":"2014-12-18T08:59:24","date_gmt":"2014-12-18T11:59:24","guid":{"rendered":"http:\/\/argentinamunicipal.com.ar\/argentina\/?p=21383"},"modified":"2014-12-18T08:59:24","modified_gmt":"2014-12-18T11:59:24","slug":"se-inauguro-en-brandsen-el-primer-parque-solar-de-la-provincia","status":"publish","type":"post","link":"http:\/\/argentinamunicipal.com.ar\/argentina\/se-inauguro-en-brandsen-el-primer-parque-solar-de-la-provincia\/","title":{"rendered":"Se inaugur\u00f3 en Brandsen el primer parque solar de la Provincia"},"content":{"rendered":"<p><a href=\"http:\/\/argentinamunicipal.com.ar\/argentina\/wp-content\/uploads\/2014\/12\/20141217180039_brandsen2.jpg\"><img loading=\"lazy\" decoding=\"async\" class=\"aligncenter size-full wp-image-21384\" src=\"http:\/\/argentinamunicipal.com.ar\/argentina\/wp-content\/uploads\/2014\/12\/20141217180039_brandsen2.jpg\" alt=\"20141217180039_brandsen2\" width=\"620\" height=\"340\" srcset=\"http:\/\/argentinamunicipal.com.ar\/argentina\/wp-content\/uploads\/2014\/12\/20141217180039_brandsen2.jpg 620w, http:\/\/argentinamunicipal.com.ar\/argentina\/wp-content\/uploads\/2014\/12\/20141217180039_brandsen2-300x164.jpg 300w\" sizes=\"auto, (max-width: 620px) 100vw, 620px\" \/><\/a><br \/>\nEl Gobernador bonaerense, junto a La Porta e intendentes puso en marcha el primer parque solar. En ese sentido destac\u00f3: \u201cLas pol\u00edticas activas que se promueven desde el Estado para aprovechar, en el buen sentido, los recursos naturales\u00bb en pos del medio ambiente\u201d.<\/p>\n<p>Hoy se inaugur\u00f3 el primer Parque Solar de la Provincia, que permitir\u00e1 producir energ\u00eda limpia para el sistema de distribuci\u00f3n domiciliaria, en la localidad de Samboromb\u00f3n, partido de Brandsen.<\/p>\n<p>Scioli, junto al secretario de Servicios P\u00fablicos, Franco La Porta y el intendente local Gast\u00f3n Arias, puso en valor el predio que cuenta con m\u00e1s de 440 paneles solares generadores de 100 kwp, traducido en energ\u00eda para alrededor de 60 familias. \u00abPusimos a la provincia de Buenos Aires a la vanguardia en este tema, que no es un tema m\u00e1s, es la defensa de la vida, es la defensa del desarrollo sustentable y equilibrado que debe tener una comunidad\u00bb, dijo el Gobernador.<\/p>\n<p>Seg\u00fan informaron, el Parque est\u00e1 ubicado en un predio cedido por el municipio de Brandsen, ubicado en el kil\u00f3metro 90.5 de la Ruta 2, en la localidad de Samboromb\u00f3n.<\/p>\n<p>Cuenta con m\u00e1s de 440 paneles solares (cubren una superficie superior a los 2000 metros cuadrados), los que permitir\u00e1n generar 100 kwp de energ\u00eda, que se inyectar\u00e1 a la red de distribuci\u00f3n de la empresa, en este caso EDEA.<\/p>\n<p>Se trata de una instalaci\u00f3n que transforma la radiaci\u00f3n solar en energ\u00eda el\u00e9ctrica, denominada fotovoltaica. El sistema est\u00e1 compuesto por dos partes, una comprende una estructura de soporte fija con paneles solares y otra complementaria, con un sistema de seguidor solar para captar el 100% de la radiaci\u00f3n. La energ\u00eda generada se inyectar\u00e1 a la red a trav\u00e9s de 6 inversores.<\/p>\n<p>\u00abAdem\u00e1s de este parque solar en Brandsen que iremos replicando, estamos construyendo un Biodigestor en Chascom\u00fas y en tratativas para desarrollar energ\u00eda e\u00f3lica en el sur de la Provincia\u201d, explic\u00f3 Franco La Porta.<\/p>\n<p>\u201cEsas iniciativas nos ponen a la vanguardia de la innovaci\u00f3n, y la diversidad en la generaci\u00f3n de energ\u00eda nos permitir\u00e1 tener una matriz energ\u00e9tica sustentable\u201d, agreg\u00f3.<\/p>\n<p>Adem\u00e1s del intendente anfitri\u00f3n Gast\u00f3n Arias, estuvieron los jefes comunales Ricardo Casi (Col\u00f3n); Cristian Popovich (General Madariaga); Oscar Ostoich (Capital Sarmiento); Jorge Fern\u00e1ndez (Lincoln); H\u00e9ctor Olivera (Tordillo); N\u00e9stor \u00c1lvarez (Guamini); Alberto Gelen\u00e9 (Las Flores); Marcelo Racciatti (Lezama); Juan Carlos Veramendi (General Paz); Pedro Elizalde (Pinamar); Daniel Di Sabatino (San Vicente); Jorge Paredi (Mar Chiquita), y Marta Medici (Alberti)<\/p>\n<h6>Fuente: InfoCielo<\/h6>\n","protected":false},"excerpt":{"rendered":"<p>El Gobernador bonaerense, junto a La Porta e intendentes puso en marcha el primer parque solar. En ese sentido destac\u00f3: \u201cLas pol\u00edticas activas que se promueven desde el Estado para aprovechar, en el buen sentido, los recursos naturales\u00bb en pos del medio ambiente\u201d. Hoy se inaugur\u00f3 el primer Parque Solar de la Provincia, que permitir\u00e1<\/p>\n","protected":false},"author":2,"featured_media":21384,"comment_status":"closed","ping_status":"closed","sticky":false,"template":"","format":"standard","meta":{"footnotes":""},"categories":[2],"tags":[12],"class_list":["post-21383","post","type-post","status-publish","format-standard","has-post-thumbnail","hentry","category-informe-municipal","tag-buenos-aires"],"_links":{"self":[{"href":"http:\/\/argentinamunicipal.com.ar\/argentina\/wp-json\/wp\/v2\/posts\/21383","targetHints":{"allow":["GET"]}}],"collection":[{"href":"http:\/\/argentinamunicipal.com.ar\/argentina\/wp-json\/wp\/v2\/posts"}],"about":[{"href":"http:\/\/argentinamunicipal.com.ar\/argentina\/wp-json\/wp\/v2\/types\/post"}],"author":[{"embeddable":true,"href":"http:\/\/argentinamunicipal.com.ar\/argentina\/wp-json\/wp\/v2\/users\/2"}],"replies":[{"embeddable":true,"href":"http:\/\/argentinamunicipal.com.ar\/argentina\/wp-json\/wp\/v2\/comments?post=21383"}],"version-history":[{"count":0,"href":"http:\/\/argentinamunicipal.com.ar\/argentina\/wp-json\/wp\/v2\/posts\/21383\/revisions"}],"wp:featuredmedia":[{"embeddable":true,"href":"http:\/\/argentinamunicipal.com.ar\/argentina\/wp-json\/wp\/v2\/media\/21384"}],"wp:attachment":[{"href":"http:\/\/argentinamunicipal.com.ar\/argentina\/wp-json\/wp\/v2\/media?parent=21383"}],"wp:term":[{"taxonomy":"category","embeddable":true,"href":"http:\/\/argentinamunicipal.com.ar\/argentina\/wp-json\/wp\/v2\/categories?post=21383"},{"taxonomy":"post_tag","embeddable":true,"href":"http:\/\/argentinamunicipal.com.ar\/argentina\/wp-json\/wp\/v2\/tags?post=21383"}],"curies":[{"name":"wp","href":"https:\/\/api.w.org\/{rel}","templated":true}]}}