{"id":21392,"date":"2014-12-18T09:15:01","date_gmt":"2014-12-18T12:15:01","guid":{"rendered":"http:\/\/argentinamunicipal.com.ar\/argentina\/?p=21392"},"modified":"2014-12-18T09:15:01","modified_gmt":"2014-12-18T12:15:01","slug":"tasas-2015-las-subas-van-del-25-al-44-en-las-comunas-del-sur-bonaerense","status":"publish","type":"post","link":"http:\/\/argentinamunicipal.com.ar\/argentina\/tasas-2015-las-subas-van-del-25-al-44-en-las-comunas-del-sur-bonaerense\/","title":{"rendered":"Tasas 2015: las subas van del 25% al 44% en las comunas del sur bonaerense"},"content":{"rendered":"<p><a href=\"http:\/\/argentinamunicipal.com.ar\/argentina\/wp-content\/uploads\/2014\/12\/interest_rates.jpg\"><img loading=\"lazy\" decoding=\"async\" class=\"alignleft size-full wp-image-21394\" src=\"http:\/\/argentinamunicipal.com.ar\/argentina\/wp-content\/uploads\/2014\/12\/interest_rates.jpg\" alt=\"interest_rates\" width=\"490\" height=\"417\" srcset=\"http:\/\/argentinamunicipal.com.ar\/argentina\/wp-content\/uploads\/2014\/12\/interest_rates.jpg 490w, http:\/\/argentinamunicipal.com.ar\/argentina\/wp-content\/uploads\/2014\/12\/interest_rates-300x255.jpg 300w\" sizes=\"auto, (max-width: 490px) 100vw, 490px\" \/><\/a>En al menos siete municipios los aumentos rondar\u00e1n el 35%. Las causas: la inflaci\u00f3n, la presi\u00f3n de los gremios municipales y la necesidad de actualizar valores. Los ajustes m\u00e1s moderados se dar\u00e1n en Tornquist y Patagones.<\/p>\n<p>Algunas comunas implementar\u00e1n descuentos de hasta el 25% por pago total adelantado, a fin de morigerar el impacto de las subas.<\/p>\n<p>Si bien a\u00fan son pocos los concejos deliberantes que han dado sanci\u00f3n definitiva a sus nuevas ordenanzas fiscal e impositiva, la tendencia en materia de aumentos ya es clara: los municipios de la zona iniciar\u00e1n 2015 con subas de tasas que van del 25% al 44%.<\/p>\n<p>Como se esperaba, ambos porcentajes est\u00e1n en consonancia con los \u00edndices inflacionarios calculados por el Indec (del orden del 24% para este a\u00f1o) y diversas consultoras privadas (superiores al 41%, para el mismo per\u00edodo).<\/p>\n<p>Los aumentos de precios, sin embargo, no fueron el \u00fanico factor que se tuvo en cuenta a la hora de fijar las subas. Otros fueron los aumento salariales que se conceder\u00e1n el a\u00f1o pr\u00f3ximo -se estima que superar\u00e1n el 30% al 35%-, as\u00ed como la necesidad imperiosa de corregir el valor de tributos que, en algunos casos, arrastran varios a\u00f1os de desactualizaci\u00f3n.<\/p>\n<p>Tal es el caso de Adolfo Alsina, donde el intendente David Hirtz envi\u00f3 al CD un proyecto que contempla subas del 35% al 44%, seg\u00fan la tasa. La iniciativa est\u00e1 en la comisi\u00f3n de Hacienda, y ser\u00e1 tratada entre fines de este mes y principios de enero.<\/p>\n<p>El concejal oficialista Facundo Montenegro (Frente C\u00edvico UCR-ARI) se\u00f1al\u00f3 que la tasa que demanda un mayor ajuste es la Vial, por lo que la suba solicitada ronda el 40%.<\/p>\n<p>\u201cEl resto de los aumentos est\u00e1n dentro de los par\u00e1metros normales\u201d, consider\u00f3.<\/p>\n<p>En Monte Hermoso el aumento de tasas ser\u00e1 similar, seg\u00fan confirm\u00f3 el intendente Marcos Fern\u00e1ndez.<\/p>\n<p>\u201cEn el \u00e1mbito de la construcci\u00f3n, como vemos que hay algunas situaciones por mejorar, algunas tasas sufrir\u00e1n otros ajustes, pero en l\u00edneas generales la suba rondar\u00e1 el 40%\u201d, adelant\u00f3.<\/p>\n<p>En el balneario -dijo- continuar\u00e1 aplic\u00e1ndose el sistema de zonificaci\u00f3n, por lo cual las subas impactar\u00e1n de forma distinta en cada sector.<\/p>\n<p>\u201cAdem\u00e1s, habr\u00e1 situaciones especiales a las cuales se prestar\u00e1 atenci\u00f3n. Por ejemplo, cuando en un mismo inmueble haya un local comercial y una unidad funcional que no est\u00e1 declarada, le aplicaremos un aumento mayor\u201d, mencion\u00f3.<\/p>\n<p>En Saavedra el Ejecutivo impulsa una suba general de tasas del 35% al 40%. El pr\u00f3ximo lunes se iniciar\u00e1 el debate en el CD, pero el principal bloque opositor (FPCyS) ya adelant\u00f3 que no aprobar\u00e1 un aumento de ese tipo.<\/p>\n<p>De todas formas, fuentes consultadas por \u00abLa Nueva.\u00bb adelantaron que \u201ccon una peque\u00f1a modificaci\u00f3n, ser\u00eda viable su aprobaci\u00f3n\u201d. En este mismo sentido se habr\u00eda expresado el edil massista Luis Gribaldo.<\/p>\n<p>\u201cEn el presupuesto de 2015 la suba de tasas no es el gran tema de discusi\u00f3n, sino la toma de personal. El Ejecutivo quiere contratar m\u00e1s gente, y la oposici\u00f3n no\u201d, se\u00f1al\u00f3 el edil saavedrense consultado.<\/p>\n<p>Algo m\u00e1s moderado es el aumento impulsado por el Ejecutivo de Coronel Dorrego. Seg\u00fan el proyecto enviado a concejo, se prev\u00e9 una suba de las tasas de entre el 30% y el 35% para el a\u00f1o pr\u00f3ximo.<\/p>\n<p>En la breve nota que acompa\u00f1\u00f3 la iniciativa, el intendente Fabi\u00e1n Zorzano aclar\u00f3 que el incremento responde al \u201cimpacto que ha tenido este a\u00f1o la suba generalizada en los precios de los principales productos y servicios\u201d. De todas maneras, la oposici\u00f3n ya adelant\u00f3 que no acompa\u00f1ar\u00e1 la propuesta del oficialismo.<\/p>\n<p>Un aumento similar solicit\u00f3 el intendente de Coronel Su\u00e1rez, Osvaldo Fuentes Lema, para los tributos de 2015. El proyecto lleg\u00f3 al CD junto con el presupuesto del a\u00f1o pr\u00f3ximo, que contempla ingresos y gastos por m\u00e1s de 348 millones de pesos.<\/p>\n<p>Desde la oposici\u00f3n hubo gestos de enojo, ya que el incremento del 35% -se inform\u00f3- fue aplicado en forma uniforme a todas las tasas.<\/p>\n<p>\u00abSe viene un debate largo\u00bb, anticip\u00f3 ayer un concejal.<\/p>\n<p>Apenas por debajo de estos porcentajes se ubic\u00f3 el aumento propuesto por la comuna de Tres Arroyos: 33%. El secretario de Hacienda, contador Diego Parravicini, se\u00f1al\u00f3 que el incremento responde al \u201ccontexto inflacionario\u201d.<\/p>\n<p>Por debajo de la l\u00ednea del 30% de aumento, por el momento, se ubican Patagones, Tornquist, Puan, Guamin\u00ed y Coronel Pringles. En Villarino, en tanto, est\u00e1 todo por definirse, aunque no se descarta que pueda surgir alguna \u00absorpresa\u00bb de \u00faltimo momento.<\/p>\n<h6>Fuente: La Nueva<\/h6>\n","protected":false},"excerpt":{"rendered":"<p>En al menos siete municipios los aumentos rondar\u00e1n el 35%. Las causas: la inflaci\u00f3n, la presi\u00f3n de los gremios municipales y la necesidad de actualizar valores. Los ajustes m\u00e1s moderados se dar\u00e1n en Tornquist y Patagones. Algunas comunas implementar\u00e1n descuentos de hasta el 25% por pago total adelantado, a fin de morigerar el impacto de<\/p>\n","protected":false},"author":2,"featured_media":21394,"comment_status":"closed","ping_status":"closed","sticky":false,"template":"","format":"standard","meta":{"footnotes":""},"categories":[5],"tags":[12],"class_list":["post-21392","post","type-post","status-publish","format-standard","has-post-thumbnail","hentry","category-informe-economico","tag-buenos-aires"],"_links":{"self":[{"href":"http:\/\/argentinamunicipal.com.ar\/argentina\/wp-json\/wp\/v2\/posts\/21392","targetHints":{"allow":["GET"]}}],"collection":[{"href":"http:\/\/argentinamunicipal.com.ar\/argentina\/wp-json\/wp\/v2\/posts"}],"about":[{"href":"http:\/\/argentinamunicipal.com.ar\/argentina\/wp-json\/wp\/v2\/types\/post"}],"author":[{"embeddable":true,"href":"http:\/\/argentinamunicipal.com.ar\/argentina\/wp-json\/wp\/v2\/users\/2"}],"replies":[{"embeddable":true,"href":"http:\/\/argentinamunicipal.com.ar\/argentina\/wp-json\/wp\/v2\/comments?post=21392"}],"version-history":[{"count":0,"href":"http:\/\/argentinamunicipal.com.ar\/argentina\/wp-json\/wp\/v2\/posts\/21392\/revisions"}],"wp:featuredmedia":[{"embeddable":true,"href":"http:\/\/argentinamunicipal.com.ar\/argentina\/wp-json\/wp\/v2\/media\/21394"}],"wp:attachment":[{"href":"http:\/\/argentinamunicipal.com.ar\/argentina\/wp-json\/wp\/v2\/media?parent=21392"}],"wp:term":[{"taxonomy":"category","embeddable":true,"href":"http:\/\/argentinamunicipal.com.ar\/argentina\/wp-json\/wp\/v2\/categories?post=21392"},{"taxonomy":"post_tag","embeddable":true,"href":"http:\/\/argentinamunicipal.com.ar\/argentina\/wp-json\/wp\/v2\/tags?post=21392"}],"curies":[{"name":"wp","href":"https:\/\/api.w.org\/{rel}","templated":true}]}}