{"id":21402,"date":"2014-12-18T08:26:50","date_gmt":"2014-12-18T11:26:50","guid":{"rendered":"http:\/\/argentinamunicipal.com.ar\/argentina\/?p=21402"},"modified":"2014-12-18T09:29:01","modified_gmt":"2014-12-18T12:29:01","slug":"el-intendente-de-belen-anuncio-bono-de-fin-de-ano","status":"publish","type":"post","link":"http:\/\/argentinamunicipal.com.ar\/argentina\/el-intendente-de-belen-anuncio-bono-de-fin-de-ano\/","title":{"rendered":"El intendente de Bel\u00e9n anunci\u00f3 bono de fin de a\u00f1o"},"content":{"rendered":"<p><a href=\"http:\/\/argentinamunicipal.com.ar\/argentina\/wp-content\/uploads\/2014\/12\/untitled-2.jpg\"><img loading=\"lazy\" decoding=\"async\" class=\"alignleft size-full wp-image-21403\" src=\"http:\/\/argentinamunicipal.com.ar\/argentina\/wp-content\/uploads\/2014\/12\/untitled-2.jpg\" alt=\"untitled-2\" width=\"320\" height=\"180\" srcset=\"http:\/\/argentinamunicipal.com.ar\/argentina\/wp-content\/uploads\/2014\/12\/untitled-2.jpg 320w, http:\/\/argentinamunicipal.com.ar\/argentina\/wp-content\/uploads\/2014\/12\/untitled-2-300x168.jpg 300w\" sizes=\"auto, (max-width: 320px) 100vw, 320px\" \/><\/a>Esta ma\u00f1ana, el Intendente Jos\u00e9 Arnoldo \u00c1vila anunci\u00f3 en conferencia de prensa, que todos los empleados municipales recibir\u00e1n un bono de fin de a\u00f1o.<\/p>\n<p>El mandatario municipal confirm\u00f3 que los empleados becados recibir\u00e1n un pago \u00fanico de $400, que ser\u00e1 acreditado el 22 de diciembre.<\/p>\n<p>Asimismo, los contratados y de planta permanente recibir\u00e1n su bono de $1000 el 23 del corriente mes.<\/p>\n<p>Adem\u00e1s ya fue acreditado el haber correspondiente a noviembre, y el siguiente 30 de diciembre se acreditar\u00e1 el Sueldo Anual Complementario.<\/p>\n<p>En tanto, el intendente \u00c1vila manifest\u00f3: \u201cestamos cerrando el a\u00f1o con el pago adelantado a becados\u201d, ya que su sueldo se abonar\u00e1 el d\u00eda 29, y no la primera semana de enero como deber\u00eda ser.<\/p>\n<p>En la ocasi\u00f3n agradeci\u00f3 a la Gobernadora Dra. Luc\u00eda Corpacci y al Gobierno de la Provincia, se\u00f1alando que mantuvieron reuniones, realizando las gestiones correspondientes para cumplir con los bonos en beneficio de los empleados municipales.<\/p>\n<p>Por otra parte, tambi\u00e9n aprovech\u00f3 la oportunidad para reiterar el agradecimiento a su familia, a los funcionarios, empleados municipales y en especial a la gobernadora y algunos funcionarios provinciales que lo acompa\u00f1aron en el tiempo que estuvo enfermo.<\/p>\n<p>El intendente hizo alusi\u00f3n a las actividades que se desarrollar\u00e1n por el 333\u00ba Aniversario de la Fundaci\u00f3n de la Ciudad de Bel\u00e9n, invitando en especial para los d\u00edas 19 y 20 de diciembre, donde se contar\u00e1 con la presencia de la Gobernadora Dra. Luc\u00eda Corpacci y funcionarios provinciales. Para la noche del viernes est\u00e1 programada la inauguraci\u00f3n de la Obra de Remodelaci\u00f3n de la Plaza Olmos y Aguilera, con n\u00fameros art\u00edsticos y el d\u00eda 20, adem\u00e1s del acto central y la bajada de la imagen de la Virgen de Bel\u00e9n, y tambi\u00e9n se llevar\u00e1n a cabo distintas inauguraciones de obras.<\/p>\n<h6>Fuente: La Uni\u00f3n Digital<\/h6>\n","protected":false},"excerpt":{"rendered":"<p>Esta ma\u00f1ana, el Intendente Jos\u00e9 Arnoldo \u00c1vila anunci\u00f3 en conferencia de prensa, que todos los empleados municipales recibir\u00e1n un bono de fin de a\u00f1o. El mandatario municipal confirm\u00f3 que los empleados becados recibir\u00e1n un pago \u00fanico de $400, que ser\u00e1 acreditado el 22 de diciembre. Asimismo, los contratados y de planta permanente recibir\u00e1n su bono<\/p>\n","protected":false},"author":2,"featured_media":21403,"comment_status":"closed","ping_status":"closed","sticky":false,"template":"","format":"standard","meta":{"footnotes":""},"categories":[7],"tags":[16],"class_list":["post-21402","post","type-post","status-publish","format-standard","has-post-thumbnail","hentry","category-informe-sindical","tag-catamarca"],"_links":{"self":[{"href":"http:\/\/argentinamunicipal.com.ar\/argentina\/wp-json\/wp\/v2\/posts\/21402","targetHints":{"allow":["GET"]}}],"collection":[{"href":"http:\/\/argentinamunicipal.com.ar\/argentina\/wp-json\/wp\/v2\/posts"}],"about":[{"href":"http:\/\/argentinamunicipal.com.ar\/argentina\/wp-json\/wp\/v2\/types\/post"}],"author":[{"embeddable":true,"href":"http:\/\/argentinamunicipal.com.ar\/argentina\/wp-json\/wp\/v2\/users\/2"}],"replies":[{"embeddable":true,"href":"http:\/\/argentinamunicipal.com.ar\/argentina\/wp-json\/wp\/v2\/comments?post=21402"}],"version-history":[{"count":0,"href":"http:\/\/argentinamunicipal.com.ar\/argentina\/wp-json\/wp\/v2\/posts\/21402\/revisions"}],"wp:featuredmedia":[{"embeddable":true,"href":"http:\/\/argentinamunicipal.com.ar\/argentina\/wp-json\/wp\/v2\/media\/21403"}],"wp:attachment":[{"href":"http:\/\/argentinamunicipal.com.ar\/argentina\/wp-json\/wp\/v2\/media?parent=21402"}],"wp:term":[{"taxonomy":"category","embeddable":true,"href":"http:\/\/argentinamunicipal.com.ar\/argentina\/wp-json\/wp\/v2\/categories?post=21402"},{"taxonomy":"post_tag","embeddable":true,"href":"http:\/\/argentinamunicipal.com.ar\/argentina\/wp-json\/wp\/v2\/tags?post=21402"}],"curies":[{"name":"wp","href":"https:\/\/api.w.org\/{rel}","templated":true}]}}