{"id":21408,"date":"2014-12-18T08:00:02","date_gmt":"2014-12-18T11:00:02","guid":{"rendered":"http:\/\/argentinamunicipal.com.ar\/argentina\/?p=21408"},"modified":"2014-12-18T09:35:44","modified_gmt":"2014-12-18T12:35:44","slug":"el-presupuesto-de-esquel-para-2015-sera-superior-280-millones-de-pesos","status":"publish","type":"post","link":"http:\/\/argentinamunicipal.com.ar\/argentina\/el-presupuesto-de-esquel-para-2015-sera-superior-280-millones-de-pesos\/","title":{"rendered":"El presupuesto de Esquel para 2015 ser\u00e1 superior a 280 millones de pesos"},"content":{"rendered":"<p><a href=\"http:\/\/argentinamunicipal.com.ar\/argentina\/wp-content\/uploads\/2014\/12\/549240ef447da_628_353.jpg\"><img loading=\"lazy\" decoding=\"async\" class=\"aligncenter size-full wp-image-21409\" src=\"http:\/\/argentinamunicipal.com.ar\/argentina\/wp-content\/uploads\/2014\/12\/549240ef447da_628_353.jpg\" alt=\"549240ef447da_628_353!\" width=\"628\" height=\"353\" srcset=\"http:\/\/argentinamunicipal.com.ar\/argentina\/wp-content\/uploads\/2014\/12\/549240ef447da_628_353.jpg 628w, http:\/\/argentinamunicipal.com.ar\/argentina\/wp-content\/uploads\/2014\/12\/549240ef447da_628_353-300x168.jpg 300w\" sizes=\"auto, (max-width: 628px) 100vw, 628px\" \/><\/a><br \/>\nEl bloque del Frente para la Victoria, un concejal del PJ y otro de Chubut Somos Todos acompa\u00f1aron el proyecto, en tanto que el Frente Vecinal vot\u00f3 en contra. \u00abEs un presupuesto que comprende un plan de acci\u00f3n que no tiene mucha acci\u00f3n. No se ven obras que transformen la realidad de Esquel y que esta ciudad est\u00e9 necesitando\u00bb, dijo el edil Gonz\u00e1lez Salinas del FV.<\/p>\n<p>El Concejo Deliberante de Esquel aprob\u00f3 ayer en la \u00faltima sesi\u00f3n ordinaria del a\u00f1o por mayor\u00eda el Presupuesto General de Recursos y Gastos del municipio local correspondiente al ejercicio 2015, el cual asciende a la suma de doscientos ochenta y ocho millones ochocientos cuarenta y nueve mil cuatrocientos trece pesos con cincuenta y un centavos. ($ 288.849.413,51). A la hora del tratamiento del proyecto, el concejal Baustista Aravena (FPV) dio un pantallazo general del mismo se\u00f1alando que \u00abtiene un incremento del 41%. Mucho de este incremento tiene que ver con obras que son financiadas por la provincia, porque se trata de convenios que ya est\u00e1n firmados y que respecto al 2014 tienen un incremento del 70% en el saldo de obras. Esto es muy importante para el presupuesto local\u00bb.<\/p>\n<p>Por otro lado, dijo que los ingresos corrientes tuvieron un incremento del 27% \u00abpor distintos motivos\u00bb, agregando que adem\u00e1s \u00abhay una proyecci\u00f3n de masa salarial del 30% y un 22% de los contratos que, son los dos componentes m\u00e1s importantes de los gastos corrientes que tiene el municipio\u00bb. En otro orden, expres\u00f3 Aravena, \u00abtenemos un 30% de aumento de recursos coparticipables, ya sean provinciales, por regal\u00edas o por recursos federales\u00bb.<\/p>\n<p><strong>EN BIEN DE LA PROYECCIoN PRESUPUESTARIA\u00a0<\/strong><\/p>\n<p>Destac\u00f3 Aravena por otro lado el aumento que se va a ejecutar en la tasa de recolecci\u00f3n de residuos a partir del a\u00f1o pr\u00f3ximo, la cual \u00abse va a pasar a cobrar a trav\u00e9s de la Cooperativa 16 de Octubre a partir de un convenio con el municipio, y tambi\u00e9n va a venir a sumar en bien de la proyecci\u00f3n presupuestaria\u00bb. Asimismo, entre otras modificaciones \u00abse prev\u00e9 en el impuesto inmobiliario tambi\u00e9n, un 30% en la al\u00edcuota y un 10% en la evaluaci\u00f3n fiscal. El ingreso bruto no tiene modificaciones. Y en cuanto al impuesto automotor, depender\u00e1 tambi\u00e9n del modelo de cada veh\u00edculo el incremento\u00bb.<\/p>\n<p>Indic\u00f3 el edil que adem\u00e1s este presupuesto \u00abtiene compromisos contemplados que fueron efectuados durante la lucha que llevaron a cabo los empleados municipales. En ese momento se previ\u00f3 el pase a planta permanente de 52 trabajadores, en dos etapas, 20 en marzo y 32 en octubre. Tambi\u00e9n se fija a partir de enero pr\u00f3ximo un incremento de un adicional variable y remunerativo de 600 pesos que cobrar\u00e1n todos los empleados. Estos impactos, como dije antes, ya fueron contemplados\u00bb.<\/p>\n<p><strong>\u00abUN PLAN DE ACCION, QUE NO TIENE MUCHA ACCION\u00bb\u00a0<\/strong><\/p>\n<p>El proyecto del presupuesto municipal tuvo el acompa\u00f1amiento de los concejales del Frente para la Victoria, Chubut Somos Todos, y el PJ. Por su parte el concejal del Frente Vecinal Esquel, Osvaldo Gonz\u00e1lez Salinas, vot\u00f3 en contra del paquete de ordenanzas que comprende toda la parte econ\u00f3mica para el per\u00edodo 2015, planteando que el presupuesto \u00abes el plan de acci\u00f3n del gobierno previsto para el a\u00f1o siguiente. Entonces, una primera cuesti\u00f3n es que no compartimos este plan de acci\u00f3n y eso ya justifica por qu\u00e9 votamos desfavorablemente\u00bb.<\/p>\n<p>En este sentido agreg\u00f3, \u00abes un presupuesto que comprende un plan de acci\u00f3n que no tiene mucha acci\u00f3n. No se ven obras que transformen la realidad de Esquel y que esta ciudad est\u00e9 necesitando. M\u00e1s all\u00e1 de que las pocas obras que est\u00e1n previstas se hacen con recursos que no son del municipio. Nos parece que falta imaginaci\u00f3n para una pol\u00edtica transformadora\u00bb. Record\u00f3 que en el a\u00f1o 2010 se aprob\u00f3 por amplia mayor\u00eda en el Concejo una ordenanza que implementaba el mecanismo de presupuesto participativo pero, \u00abnunca se puso en pr\u00e1ctica y llevamos ya cuatro a\u00f1os casi cinco.<\/p>\n<p>Esta es otra cr\u00edtica que le hacemos a la formulaci\u00f3n de este presupuesto que, se hace con una t\u00e9cnica vieja. Es un presupuesto cerrado que lo prepara el Ejecutivo, con pocas oportunidades de deliberaci\u00f3n y discusi\u00f3n p\u00fablica. Los vecinos en general no pueden opinar sobre la composici\u00f3n del mismo y esto es importante porque el presupuesto contiene qu\u00e9 es lo que se hace con los dineros p\u00fablicos, que surgen del impuesto que paga el vecino y por lo tanto \u00e9ste tiene derecho a participar\u00bb.<\/p>\n<p><strong>UNA CONTRADICCION\u00a0<\/strong><\/p>\n<p>Respecto de los impuestos, dijo que aumentan un 33% en t\u00e9rminos generales. Y \u00ablas previsiones m\u00e1s alarmantes anuncian una inflaci\u00f3n anual del 33%. Cuando este gobierno tanto nacional como provincial y municipal niega que haya una inflaci\u00f3n tan alta. Veo una contradicci\u00f3n, se niega que la inflaci\u00f3n supere el 15% y por otro lado se aumentan los impuestos en el 33%\u00bb. Plante\u00f3 Gonz\u00e1lez Salinas que en el contexto inflacionario \u00abgrave como el que estamos viviendo, no puede hablarse de un incremento de los impuestos a todos por igual. Me parece que deber\u00eda encararse con un criterio m\u00e1s solidario y deber\u00eda en ese caso haberse cumplido una promesa que tambi\u00e9n se hizo en este Concejo Deliberante y que todav\u00eda est\u00e1 pendiente. Y que es la reestructuraci\u00f3n del impuesto inmobiliario para que no paguen pr\u00e1cticamente lo mismo una vivienda costosa y una vivienda humilde. Hay muy poca diferencia y esto lo hemos conversado entre los distintos bloques\u00bb.<\/p>\n<p>Dijo que en su momento se plante\u00f3 la intenci\u00f3n de modificarlo pero, \u00abhan pasado dos a\u00f1os y todav\u00eda no se ha hecho\u00bb. Por \u00faltimo, se\u00f1al\u00f3 que \u00abhay una falta de congruencia en la tarifa del Sistema de Estacionamiento Medido en cuanto a los precios de las dos modalidades: se va cobrar 5 pesos por una hora y cuatro pesos por 20 minutos. Si comparamos un precio con el otro, vemos que se est\u00e1 desalentando que la gente estacione por 20 minutos porque, la diferencia es pr\u00e1cticamente nula. Deber\u00eda ser mucho m\u00e1s caro estacionar por hora, y por veinte minutos mucho m\u00e1s aliviado de manera que el tr\u00e1nsito circule con m\u00e1s fluidez\u00bb.<\/p>\n<h6>Fuente: El Chubut<\/h6>\n","protected":false},"excerpt":{"rendered":"<p>El bloque del Frente para la Victoria, un concejal del PJ y otro de Chubut Somos Todos acompa\u00f1aron el proyecto, en tanto que el Frente Vecinal vot\u00f3 en contra. \u00abEs un presupuesto que comprende un plan de acci\u00f3n que no tiene mucha acci\u00f3n. No se ven obras que transformen la realidad de Esquel y que<\/p>\n","protected":false},"author":2,"featured_media":21409,"comment_status":"closed","ping_status":"closed","sticky":false,"template":"","format":"standard","meta":{"footnotes":""},"categories":[5,4],"tags":[14],"class_list":["post-21408","post","type-post","status-publish","format-standard","has-post-thumbnail","hentry","category-informe-economico","category-informe-politico","tag-chubut"],"_links":{"self":[{"href":"http:\/\/argentinamunicipal.com.ar\/argentina\/wp-json\/wp\/v2\/posts\/21408","targetHints":{"allow":["GET"]}}],"collection":[{"href":"http:\/\/argentinamunicipal.com.ar\/argentina\/wp-json\/wp\/v2\/posts"}],"about":[{"href":"http:\/\/argentinamunicipal.com.ar\/argentina\/wp-json\/wp\/v2\/types\/post"}],"author":[{"embeddable":true,"href":"http:\/\/argentinamunicipal.com.ar\/argentina\/wp-json\/wp\/v2\/users\/2"}],"replies":[{"embeddable":true,"href":"http:\/\/argentinamunicipal.com.ar\/argentina\/wp-json\/wp\/v2\/comments?post=21408"}],"version-history":[{"count":0,"href":"http:\/\/argentinamunicipal.com.ar\/argentina\/wp-json\/wp\/v2\/posts\/21408\/revisions"}],"wp:featuredmedia":[{"embeddable":true,"href":"http:\/\/argentinamunicipal.com.ar\/argentina\/wp-json\/wp\/v2\/media\/21409"}],"wp:attachment":[{"href":"http:\/\/argentinamunicipal.com.ar\/argentina\/wp-json\/wp\/v2\/media?parent=21408"}],"wp:term":[{"taxonomy":"category","embeddable":true,"href":"http:\/\/argentinamunicipal.com.ar\/argentina\/wp-json\/wp\/v2\/categories?post=21408"},{"taxonomy":"post_tag","embeddable":true,"href":"http:\/\/argentinamunicipal.com.ar\/argentina\/wp-json\/wp\/v2\/tags?post=21408"}],"curies":[{"name":"wp","href":"https:\/\/api.w.org\/{rel}","templated":true}]}}