{"id":21411,"date":"2014-12-18T08:35:59","date_gmt":"2014-12-18T11:35:59","guid":{"rendered":"http:\/\/argentinamunicipal.com.ar\/argentina\/?p=21411"},"modified":"2014-12-18T09:37:58","modified_gmt":"2014-12-18T12:37:58","slug":"soeme-esquel-amenaza-con-movilizaciones-para-evitar-que-fondos-de-seros-sean-utilizados-para-gastos-comunes","status":"publish","type":"post","link":"http:\/\/argentinamunicipal.com.ar\/argentina\/soeme-esquel-amenaza-con-movilizaciones-para-evitar-que-fondos-de-seros-sean-utilizados-para-gastos-comunes\/","title":{"rendered":"Soeme Esquel amenaza con movilizaciones para evitar que fondos de Seros sean utilizados para gastos comunes"},"content":{"rendered":"<p><a href=\"http:\/\/argentinamunicipal.com.ar\/argentina\/wp-content\/uploads\/2014\/12\/54923f8776496_628_353.jpg\"><img loading=\"lazy\" decoding=\"async\" class=\"aligncenter size-full wp-image-21412\" src=\"http:\/\/argentinamunicipal.com.ar\/argentina\/wp-content\/uploads\/2014\/12\/54923f8776496_628_353.jpg\" alt=\"54923f8776496_628_353!\" width=\"628\" height=\"353\" srcset=\"http:\/\/argentinamunicipal.com.ar\/argentina\/wp-content\/uploads\/2014\/12\/54923f8776496_628_353.jpg 628w, http:\/\/argentinamunicipal.com.ar\/argentina\/wp-content\/uploads\/2014\/12\/54923f8776496_628_353-300x168.jpg 300w\" sizes=\"auto, (max-width: 628px) 100vw, 628px\" \/><\/a><br \/>\n\u00abNos vamos a oponer porque no queremos que se ponga en riesgo nuestra jubilaci\u00f3n y las prestaciones\u00bb, dijo Antonio Osorio, sec. gral. del sindicato de empleados municipales<\/p>\n<p>\u00abLos jubilados ya han mandado cartas documento y nosotros hemos enviado notas a Mantegna y al gobernador planteando nuestra posici\u00f3n\u00bb, dijo ayer Antonio Osorio, secretario general del Sindicato de Obreros y Empleados de la Municipalidad de Esquel (Soeme), tras la reuni\u00f3n con afiliados que tuvo lugar el martes con la intenci\u00f3n de analizar la posibilidad de que los fondos del Instituto de Seguridad Social y Seguros puedan ser utilizados por el gobierno provincial para el pago de cuentas comunes. \u00abVamos a seguir en esta lucha y si tenemos que movilizarnos lo haremos. Estamos hablando de casi 250 millones de pesos mensuales y hoy sabemos de la importancia y m\u00e1s de uno esta mirando los fondos con deseos de echar mano. Nosotros nos vamos a oponer porque no queremos que se ponga en riesgo nuestra jubilaci\u00f3n y las prestaciones que se dan a trav\u00e9s de nuestra obra social\u00bb.<\/p>\n<p>Record\u00f3 que tiempo atr\u00e1s \u00aba trav\u00e9s de los vocales activos y pasivos tomamos conocimiento de una situaci\u00f3n irregular en el Instituto porque no se estaba depositando lo que correspond\u00eda en cuanto a aportes. Esto hac\u00eda que el Instituto utilizara un plazo fijo para cumplir con sus obligaciones. Y el mes pasado ya se atras\u00f3 el pago a algunos prestadores, y esto pone en riesgo las prestaciones que se dan a trav\u00e9s de nuestra obra social\u00bb. La otra situaci\u00f3n que preocupa a los afiliados de Seros \u00abes una intencionalidad de que los fondos del Instituto pasen a un fondo \u00fanico de cuentas oficiales, por una ley del a\u00f1o 1972, a la cual han adherido muchos entes aut\u00e1rquicos. El Instituto no lo hizo pero hubo a trav\u00e9s de la ley 1008 una intencionalidad que caus\u00f3 en su momento mucho revuelo. Esta ley lo que preve\u00eda es que de las cuentas a la vista que ten\u00edan los entes aut\u00e1rquicos en el Banco Provincia, los excedentes pudieran ser utilizados hasta un 95% de parte de provincia. Pero esto esta prohibido, los fondos se tienen que utilizar para fondos del Instituto\u00bb.<\/p>\n<p>Osorio hizo hincapi\u00e9 en que \u00absabemos que los vocales se negaron a firmar la adhesi\u00f3n a esa ley y creemos que tenemos que defender nuestra caja. Hablamos con referentes gremiales, de otras organizaciones y representantes de los jubilados, y decidimos tener una reuni\u00f3n con todos los afiliados al instituto, no solo del municipio. El encuentro se concret\u00f3 el martes y sirvi\u00f3 para informar el no cumplimiento de sus obligaciones por parte de Provincia, que no esta aportando lo que le corresponde, y la intenci\u00f3n de concretar el traspaso de los fondos del Instituto al fondo \u00fanico de cuentas oficiales\u00bb. En este marco \u00abdecidimos elevar una nota y la idea es que la nota est\u00e9 firmada por todos los afiliados. Y si tenemos que hacer alg\u00fan tipo de movilizaci\u00f3n la haremos para evitar que esta situaci\u00f3n contin\u00fae en el tiempo. Ten\u00edamos la expectativa de que el reconocimiento de la deuda que mantiene provincia pueda figurar en el presupuesto pero el balance de provincia ignora esta situaci\u00f3n que mantiene con el Instituto\u00bb.<\/p>\n<p><strong>DEUDA MILLONARIA\u00a0<\/strong><\/p>\n<p>El secretario general del Soeme advirti\u00f3 que \u00abhay que tener en cuenta que la deuda al 2012-13 era de 3 mil millones de pesos, y casi 500 millones por la obra socia. Y hoy planteamos alg\u00fan tipo de beneficio para alg\u00fan sector como los que realizan tareas insalubres por una jubilaci\u00f3n anticipada y no podemos avanzar porque el dinero no est\u00e1, y corre riesgo la caja de no poder cumplir con los prestadores. Si provincia cumpliera ser\u00eda totalmente rentable y se podr\u00edan mejorar los servicios que brinda el Instituto a sus afiliados. Hay un incumplimiento y se est\u00e1n utilizando los fondos para cuestiones que no est\u00e1n previstas en el Instituto\u00bb.<\/p>\n<p><strong>RECURSO JUDICIAL\u00a0<\/strong><\/p>\n<p>Sobre el final, Osorio coment\u00f3 que en la reuni\u00f3n del martes se analiz\u00f3 la posibilidad de recurrir a la justicia para frenar el manejo de los fondos, \u00abse puede usar la figura de confusi\u00f3n de patrimonio y nosotros estamos preocupados por esta situaci\u00f3n, la idea es evitar que esto ocurra, revertirlo, porque la deuda inclusive se ha dado por diferentes motivos, como por ejemplo en la Polic\u00eda donde hay tantos activos como pasivos, y no se cumple la relaci\u00f3n de 4 activos por un pasivo. Hay un sistema que no favorece a todos por igual. Con nuestra posici\u00f3n y nuestra lucha ojal\u00e1 que podamos convencerlos de que no es la forma\u00bb.<\/p>\n<h6>Fuente: El Chubut<\/h6>\n","protected":false},"excerpt":{"rendered":"<p>\u00abNos vamos a oponer porque no queremos que se ponga en riesgo nuestra jubilaci\u00f3n y las prestaciones\u00bb, dijo Antonio Osorio, sec. gral. del sindicato de empleados municipales \u00abLos jubilados ya han mandado cartas documento y nosotros hemos enviado notas a Mantegna y al gobernador planteando nuestra posici\u00f3n\u00bb, dijo ayer Antonio Osorio, secretario general del Sindicato<\/p>\n","protected":false},"author":2,"featured_media":21412,"comment_status":"closed","ping_status":"closed","sticky":false,"template":"","format":"standard","meta":{"footnotes":""},"categories":[7],"tags":[14],"class_list":["post-21411","post","type-post","status-publish","format-standard","has-post-thumbnail","hentry","category-informe-sindical","tag-chubut"],"_links":{"self":[{"href":"http:\/\/argentinamunicipal.com.ar\/argentina\/wp-json\/wp\/v2\/posts\/21411","targetHints":{"allow":["GET"]}}],"collection":[{"href":"http:\/\/argentinamunicipal.com.ar\/argentina\/wp-json\/wp\/v2\/posts"}],"about":[{"href":"http:\/\/argentinamunicipal.com.ar\/argentina\/wp-json\/wp\/v2\/types\/post"}],"author":[{"embeddable":true,"href":"http:\/\/argentinamunicipal.com.ar\/argentina\/wp-json\/wp\/v2\/users\/2"}],"replies":[{"embeddable":true,"href":"http:\/\/argentinamunicipal.com.ar\/argentina\/wp-json\/wp\/v2\/comments?post=21411"}],"version-history":[{"count":0,"href":"http:\/\/argentinamunicipal.com.ar\/argentina\/wp-json\/wp\/v2\/posts\/21411\/revisions"}],"wp:featuredmedia":[{"embeddable":true,"href":"http:\/\/argentinamunicipal.com.ar\/argentina\/wp-json\/wp\/v2\/media\/21412"}],"wp:attachment":[{"href":"http:\/\/argentinamunicipal.com.ar\/argentina\/wp-json\/wp\/v2\/media?parent=21411"}],"wp:term":[{"taxonomy":"category","embeddable":true,"href":"http:\/\/argentinamunicipal.com.ar\/argentina\/wp-json\/wp\/v2\/categories?post=21411"},{"taxonomy":"post_tag","embeddable":true,"href":"http:\/\/argentinamunicipal.com.ar\/argentina\/wp-json\/wp\/v2\/tags?post=21411"}],"curies":[{"name":"wp","href":"https:\/\/api.w.org\/{rel}","templated":true}]}}