{"id":21417,"date":"2014-12-18T09:44:15","date_gmt":"2014-12-18T12:44:15","guid":{"rendered":"http:\/\/argentinamunicipal.com.ar\/argentina\/?p=21417"},"modified":"2014-12-18T09:44:15","modified_gmt":"2014-12-18T12:44:15","slug":"comenzaron-operar-las-primeras-antenas-4g-en-la-argentina","status":"publish","type":"post","link":"http:\/\/argentinamunicipal.com.ar\/argentina\/comenzaron-operar-las-primeras-antenas-4g-en-la-argentina\/","title":{"rendered":"Comenzaron a operar las primeras antenas 4G en la Argentina"},"content":{"rendered":"<p><a href=\"http:\/\/argentinamunicipal.com.ar\/argentina\/wp-content\/uploads\/2014\/12\/Antena-Telefonia-650x304.jpg\"><img loading=\"lazy\" decoding=\"async\" class=\"aligncenter size-full wp-image-21418\" src=\"http:\/\/argentinamunicipal.com.ar\/argentina\/wp-content\/uploads\/2014\/12\/Antena-Telefonia-650x304.jpg\" alt=\"Antena-Telefonia-650x304\" width=\"650\" height=\"304\" srcset=\"http:\/\/argentinamunicipal.com.ar\/argentina\/wp-content\/uploads\/2014\/12\/Antena-Telefonia-650x304.jpg 650w, http:\/\/argentinamunicipal.com.ar\/argentina\/wp-content\/uploads\/2014\/12\/Antena-Telefonia-650x304-300x140.jpg 300w\" sizes=\"auto, (max-width: 650px) 100vw, 650px\" \/><\/a><br \/>\nLa puesta en funcionamiento constituye la inauguraci\u00f3n de una nueva etapa de las comunicaciones m\u00f3viles en el pa\u00eds.<\/p>\n<p>Las primeras antenas de tecnolog\u00eda 4G de la Argentina ya comenzaron a operar, anunci\u00f3 este mi\u00e9rcoles la compa\u00f1\u00eda Movistar, en lo que constituye la inauguraci\u00f3n de una nueva etapa de las comunicaciones m\u00f3viles en el pa\u00eds.<\/p>\n<p>La compa\u00f1\u00eda puso en funcionamiento en la ciudad de Buenos Aires las primeras radiobases, que forman parte del despliegue de una red que unir\u00e1 todo el pa\u00eds y soportar\u00e1 la prestaci\u00f3n de servicios\u00a0basados en esta nueva tecnolog\u00eda.<\/p>\n<p>El desarrollo de esta infraestructura, especialmente destinada a irradiar se\u00f1al 4G, continuar\u00e1 durante el 2015.<\/p>\n<p>Para fines del a\u00f1o pr\u00f3ximo, la compa\u00f1\u00eda habr\u00e1 cubierto a la totalidad de las capitales provinciales, cumpliendo con los plazos establecidos en el pliego de licitaci\u00f3n de espectro impulsado por la Secretaria de Comunicaciones (SeCom).<\/p>\n<p>Luego de resultar adjudicada parcialmente en las bandas de frecuencia AWS ofertadas en la licitaci\u00f3n de espectro, Telef\u00f3nica M\u00f3viles Argentina S.A. cumpli\u00f3 con el pago de la garant\u00eda y complet\u00f3 en tiempo y forma los compromisos econ\u00f3micos asumidos en el pliego.<\/p>\n<p>\u00abLa llegada de 4G marcar\u00e1 un hito muy importante en la forma de conectarse de los argentinos y Telef\u00f3nica es protagonista en este proceso, en un momento en el que tanto las tecnolog\u00edas cableadas<br \/>\ncomo las inal\u00e1mbricas se encuentran al l\u00edmite de su capacidad\u00bb, destac\u00f3 el director de Relaciones Institucionales del Grupo Telef\u00f3nica, Jos\u00e9 Luis Rodr\u00edguez Zarco, durante un encuentro\u00a0 realizado con motivo de fin de a\u00f1o.<\/p>\n<p>El 4G estar\u00e1 destinado espec\u00edficamente a la transmisi\u00f3n de\u00a0 datos, y abrir\u00e1 el camino para el desarrollo de nuevos productos y servicio que ofrecen los equipos inteligentes.<\/p>\n<p>Para alcanzar los objetivos de servicios propuestos, Telef\u00f3nica invertir\u00e1 en 2015 m\u00e1s de 8.500 millones de pesos enfocados en la ampliaci\u00f3n de la infraestructura para conectividad fija y m\u00f3vil, y en el desarrollo de ofertas que permitan a sus 26 millones de clientes capitalizar los beneficios que abren las nuevas tecnolog\u00edas disponibles.<\/p>\n<p>\u00abEl mercado de las telecomunicaciones vive una transformaci\u00f3n que est\u00e1 marcada por la digitalizaci\u00f3n. La creciente conectividad y los cambios de h\u00e1bitos que conlleva nos desaf\u00edan a ofrecer\u00a0 nuevos servicios vislumbrando un 2020 hiperconectados\u00bb, afirm\u00f3 el\u00a0 directivo.<\/p>\n<p>\u00abEstamos convencidos de que la convergencia viene impuesta por\u00a0 el desarrollo tecnol\u00f3gico y para concretarla se necesitan\u00a0 importantes inversiones\u00bb, dijo.<\/p>\n<h6>Fuente: Uno, Mendoza<\/h6>\n","protected":false},"excerpt":{"rendered":"<p>La puesta en funcionamiento constituye la inauguraci\u00f3n de una nueva etapa de las comunicaciones m\u00f3viles en el pa\u00eds. Las primeras antenas de tecnolog\u00eda 4G de la Argentina ya comenzaron a operar, anunci\u00f3 este mi\u00e9rcoles la compa\u00f1\u00eda Movistar, en lo que constituye la inauguraci\u00f3n de una nueva etapa de las comunicaciones m\u00f3viles en el pa\u00eds. La<\/p>\n","protected":false},"author":2,"featured_media":21418,"comment_status":"closed","ping_status":"closed","sticky":false,"template":"","format":"standard","meta":{"footnotes":""},"categories":[2],"tags":[12],"class_list":["post-21417","post","type-post","status-publish","format-standard","has-post-thumbnail","hentry","category-informe-municipal","tag-buenos-aires"],"_links":{"self":[{"href":"http:\/\/argentinamunicipal.com.ar\/argentina\/wp-json\/wp\/v2\/posts\/21417","targetHints":{"allow":["GET"]}}],"collection":[{"href":"http:\/\/argentinamunicipal.com.ar\/argentina\/wp-json\/wp\/v2\/posts"}],"about":[{"href":"http:\/\/argentinamunicipal.com.ar\/argentina\/wp-json\/wp\/v2\/types\/post"}],"author":[{"embeddable":true,"href":"http:\/\/argentinamunicipal.com.ar\/argentina\/wp-json\/wp\/v2\/users\/2"}],"replies":[{"embeddable":true,"href":"http:\/\/argentinamunicipal.com.ar\/argentina\/wp-json\/wp\/v2\/comments?post=21417"}],"version-history":[{"count":0,"href":"http:\/\/argentinamunicipal.com.ar\/argentina\/wp-json\/wp\/v2\/posts\/21417\/revisions"}],"wp:featuredmedia":[{"embeddable":true,"href":"http:\/\/argentinamunicipal.com.ar\/argentina\/wp-json\/wp\/v2\/media\/21418"}],"wp:attachment":[{"href":"http:\/\/argentinamunicipal.com.ar\/argentina\/wp-json\/wp\/v2\/media?parent=21417"}],"wp:term":[{"taxonomy":"category","embeddable":true,"href":"http:\/\/argentinamunicipal.com.ar\/argentina\/wp-json\/wp\/v2\/categories?post=21417"},{"taxonomy":"post_tag","embeddable":true,"href":"http:\/\/argentinamunicipal.com.ar\/argentina\/wp-json\/wp\/v2\/tags?post=21417"}],"curies":[{"name":"wp","href":"https:\/\/api.w.org\/{rel}","templated":true}]}}