{"id":21424,"date":"2014-12-18T08:50:06","date_gmt":"2014-12-18T11:50:06","guid":{"rendered":"http:\/\/argentinamunicipal.com.ar\/argentina\/?p=21424"},"modified":"2014-12-18T09:57:52","modified_gmt":"2014-12-18T12:57:52","slug":"la-estacion-espacial-china-no-pagara-impuestos-por-50-anos","status":"publish","type":"post","link":"http:\/\/argentinamunicipal.com.ar\/argentina\/la-estacion-espacial-china-no-pagara-impuestos-por-50-anos\/","title":{"rendered":"La estaci\u00f3n espacial china no pagar\u00e1 impuestos por 50 a\u00f1os"},"content":{"rendered":"<p><a href=\"http:\/\/argentinamunicipal.com.ar\/argentina\/wp-content\/uploads\/2014\/12\/5462b2b24bc864.43964632.jpg\"><img loading=\"lazy\" decoding=\"async\" class=\"aligncenter size-full wp-image-21425\" src=\"http:\/\/argentinamunicipal.com.ar\/argentina\/wp-content\/uploads\/2014\/12\/5462b2b24bc864.43964632.jpg\" alt=\"5462b2b24bc864.43964632\" width=\"600\" height=\"420\" srcset=\"http:\/\/argentinamunicipal.com.ar\/argentina\/wp-content\/uploads\/2014\/12\/5462b2b24bc864.43964632.jpg 600w, http:\/\/argentinamunicipal.com.ar\/argentina\/wp-content\/uploads\/2014\/12\/5462b2b24bc864.43964632-300x210.jpg 300w\" sizes=\"auto, (max-width: 600px) 100vw, 600px\" \/><\/a><\/p>\n<p>Los legisladores nacionales aprobaron anoche el proyecto y el emprendimiento, instalado en Quintuco, se reactivar\u00e1.<\/p>\n<p>El oficialismo aprob\u00f3 anoche en el Senado, con 36 votos a favor y 27 en contra, el proyecto que avala el acuerdo entre el Gobierno y la Rep\u00fablica Popular China para la instalaci\u00f3n de una estaci\u00f3n espacial de exploraci\u00f3n lunar en la localidad neuquina de Bajada del Agrio. Adem\u00e1s se valid\u00f3 una exenci\u00f3n impositiva en diferentes aspectos que se extender\u00e1 por 50 a\u00f1os.<\/p>\n<p>Entre los impuestos que no pagar\u00e1 la China Harbour Engineering Company (CHEC), la empresa que lleva adelante la construcci\u00f3n, estar\u00e1n el Impuesto al Valor Agregado (IVA) y las obligaciones a la importaci\u00f3n de los elementos tecnol\u00f3gicos que requiera.<\/p>\n<p>En tanto, en octubre pasado el Gobierno provincial tom\u00f3 una medida similar cuando mediante el decreto 2.336\/14 -firmado por el gobernador, Jorge Sapag, y el ministro de Econom\u00eda, Omar Guti\u00e9rrez- establecieron eximirla del Impuesto a los Sellos.<\/p>\n<p>La aprobaci\u00f3n del proyecto en el Senado fue custionada por la oposici\u00f3n y los legisladores neuquinos votaron divididos: el oficialista Marcelo Fuentes y la senadora del MPN Lucila Crexell se pronunciaron a favor, mientras que el peronista federal Guillermo Pereyra lo hizo en contra.<\/p>\n<p>La instalaci\u00f3n de esta base se da, seg\u00fan el proyecto, \u00aben el marco del programa chino de exploraci\u00f3n de la luna, suscripto en la Ciudad de Buenos Aires el 23 de abril\u00bb pasado.<\/p>\n<p>La peronista federal Lilian Negre de Alonso sostuvo que el acuerdo \u00abes una cesi\u00f3n de soberan\u00eda\u00bb y advirti\u00f3 que \u00abse instalan por 50 a\u00f1os y la Argentina no puede entrar, controlar ni ver lo que est\u00e1 ocurriendo\u00bb en esa plataforma.<\/p>\n<p>Por el contrario, el presidente de la Comisi\u00f3n de Relaciones Exteriores, el oficialista Ruperto Godoy indic\u00f3 que \u00abha habido informaci\u00f3n muy clara\u00bb sobre el convenio y que \u00abno hay nada para ocultar\u00bb.<\/p>\n<p>El secretario de Gesti\u00f3n P\u00fablica de la provincia, Rodolfo Laffitte, explic\u00f3 al respecto que \u00ablo que necesitaba la aprobaci\u00f3n del Senado era la aprobaci\u00f3n de la exenci\u00f3n impositiva, que es un tema nacional\u00bb<\/p>\n<p>\u00abLo que me llama la atenci\u00f3n de algunos senadores es que podr\u00edan haber ido a ver la estaci\u00f3n, a Las Lajas, y despu\u00e9s la ignorancia que existe en cuestiones que tienen que ver con los beneficios que tiene para la Argentina\u00bb, afirm\u00f3 el funcionario. \u00abComo por ejemplo la novedad de que se est\u00e1 construyendo una l\u00ednea el\u00e9ctrica que cuesta 8 millones y que va a pasar al EPEN para que pueda extender sus servicios a diferentes poblaciones, como es el caso de Chorriaca\u00bb, agreg\u00f3.<\/p>\n<p>\u00abYo comprendo que la gente tenga dudas, pero no los legisladores que tienen el proyecto en la mano\u00bb, afirm\u00f3 Laffitte en declaraciones a LU5.<\/p>\n<h6>Fuente: La Ma\u00f1ana Neuqu\u00e9n<\/h6>\n","protected":false},"excerpt":{"rendered":"<p>Los legisladores nacionales aprobaron anoche el proyecto y el emprendimiento, instalado en Quintuco, se reactivar\u00e1. El oficialismo aprob\u00f3 anoche en el Senado, con 36 votos a favor y 27 en contra, el proyecto que avala el acuerdo entre el Gobierno y la Rep\u00fablica Popular China para la instalaci\u00f3n de una estaci\u00f3n espacial de exploraci\u00f3n lunar<\/p>\n","protected":false},"author":2,"featured_media":21425,"comment_status":"closed","ping_status":"closed","sticky":false,"template":"","format":"standard","meta":{"footnotes":""},"categories":[5],"tags":[23],"class_list":["post-21424","post","type-post","status-publish","format-standard","has-post-thumbnail","hentry","category-informe-economico","tag-neuquen"],"_links":{"self":[{"href":"http:\/\/argentinamunicipal.com.ar\/argentina\/wp-json\/wp\/v2\/posts\/21424","targetHints":{"allow":["GET"]}}],"collection":[{"href":"http:\/\/argentinamunicipal.com.ar\/argentina\/wp-json\/wp\/v2\/posts"}],"about":[{"href":"http:\/\/argentinamunicipal.com.ar\/argentina\/wp-json\/wp\/v2\/types\/post"}],"author":[{"embeddable":true,"href":"http:\/\/argentinamunicipal.com.ar\/argentina\/wp-json\/wp\/v2\/users\/2"}],"replies":[{"embeddable":true,"href":"http:\/\/argentinamunicipal.com.ar\/argentina\/wp-json\/wp\/v2\/comments?post=21424"}],"version-history":[{"count":0,"href":"http:\/\/argentinamunicipal.com.ar\/argentina\/wp-json\/wp\/v2\/posts\/21424\/revisions"}],"wp:featuredmedia":[{"embeddable":true,"href":"http:\/\/argentinamunicipal.com.ar\/argentina\/wp-json\/wp\/v2\/media\/21425"}],"wp:attachment":[{"href":"http:\/\/argentinamunicipal.com.ar\/argentina\/wp-json\/wp\/v2\/media?parent=21424"}],"wp:term":[{"taxonomy":"category","embeddable":true,"href":"http:\/\/argentinamunicipal.com.ar\/argentina\/wp-json\/wp\/v2\/categories?post=21424"},{"taxonomy":"post_tag","embeddable":true,"href":"http:\/\/argentinamunicipal.com.ar\/argentina\/wp-json\/wp\/v2\/tags?post=21424"}],"curies":[{"name":"wp","href":"https:\/\/api.w.org\/{rel}","templated":true}]}}