{"id":21481,"date":"2014-12-19T09:26:28","date_gmt":"2014-12-19T12:26:28","guid":{"rendered":"http:\/\/argentinamunicipal.com.ar\/argentina\/?p=21481"},"modified":"2014-12-19T09:26:28","modified_gmt":"2014-12-19T12:26:28","slug":"no-habra-bono-de-fin-de-ano-para-los-trabajadores-de-federacion","status":"publish","type":"post","link":"http:\/\/argentinamunicipal.com.ar\/argentina\/no-habra-bono-de-fin-de-ano-para-los-trabajadores-de-federacion\/","title":{"rendered":"No habr\u00e1 bono de fin de a\u00f1o para los trabajadores de Federaci\u00f3n"},"content":{"rendered":"<p><a href=\"http:\/\/argentinamunicipal.com.ar\/argentina\/wp-content\/uploads\/2014\/12\/17657105.jpg\"><img loading=\"lazy\" decoding=\"async\" class=\"aligncenter size-full wp-image-21482\" src=\"http:\/\/argentinamunicipal.com.ar\/argentina\/wp-content\/uploads\/2014\/12\/17657105.jpg\" alt=\"_17657105\" width=\"586\" height=\"386\" srcset=\"http:\/\/argentinamunicipal.com.ar\/argentina\/wp-content\/uploads\/2014\/12\/17657105.jpg 586w, http:\/\/argentinamunicipal.com.ar\/argentina\/wp-content\/uploads\/2014\/12\/17657105-300x197.jpg 300w\" sizes=\"auto, (max-width: 586px) 100vw, 586px\" \/><\/a><\/p>\n<p>La Municipalidad de Federaci\u00f3n no accedi\u00f3 a otorgarles un bono de fin de a\u00f1o a los empleados, tal como ven\u00edan reclamando \u00b7 Sin embargo, los trabajadores pidieron que el beneficio se otorgue en enero y que se adelanten las paritarias, que todos los a\u00f1os se concretan en enero \u00b7 Las partes quedaron en reunirse nuevamente cuando vuelva el intendente de la localidad, Carlos Cecco, actualmente internado, seg\u00fan inform\u00f3 a APFDigital el secretario General de la Asociaci\u00f3n de Empleados Municipales de Federaci\u00f3n (Aemfe), Adolfo Rigoni<\/p>\n<p>Este jueves nos reunimos con el Secretario de Gobierno (Juan Luis Spa\u00f1oletti), ya que el intendente (Carlos Cecco) est\u00e1 recuper\u00e1ndose de una cirug\u00eda. Tratamos varios temas, pero finalmente desde el Ejecutivo nos dijeron que es imposible que nos den el bono de fin de a\u00f1o de 1500 pesos que ped\u00edamos\u201d, lament\u00f3 Rigoni.<\/p>\n<p>Seg\u00fan a\u00f1adi\u00f3 el sindicalista, las autoridades les dijeron que la situaci\u00f3n econ\u00f3mica del Municipio imped\u00eda que les otorguen el beneficio. \u201cSin embargo, s\u00ed acordamos el adelantamiento de las paritarias, que todos los a\u00f1os se hacen a fines de febrero. Por otro lado, nos dicen que no est\u00e1n dadas las condiciones, pero en la ordenanza impositiva hay varios aumentos, de impuestos y entrada a termas, por ejemplo, por los cuales la Municipalidad recaudar\u00e1 m\u00e1s en enero\u201d, coment\u00f3.<\/p>\n<p>\u201cEn este sentido, tambi\u00e9n pedimos que el bono lo otorguen en enero. No nos dijeron ni que no ni que s\u00ed, que es posible. La idea es definirlo antes de enero para poder tener las vacaciones tranquilos\u201d, continu\u00f3.<\/p>\n<p>Rigoni a\u00f1adi\u00f3 que ahora de reunir\u00e1n nuevamente luego de que el Intendente vuelva de Buenos Aires, donde se encuentra internado con problemas de salud. \u201cPosiblemente, sea el 29 o 30 de diciembre o los primeros d\u00edas de enero\u201d, dijo.<\/p>\n<p><strong>Reelecci\u00f3n<\/strong><\/p>\n<p>Por \u00faltimo, Rigoni coment\u00f3 a esta Agencia que la semana pasada fue reelegido al frente de la Aemfe por cuatro a\u00f1os m\u00e1s. \u201cFue por eso que tambi\u00e9n se retrasaron las negociaciones. Ahora ganamos por el 80 por ciento de los votos. Tuvimos un gran apoyo\u201d, finaliz\u00f3.<\/p>\n<h6>Fuente: APF Digital<\/h6>\n","protected":false},"excerpt":{"rendered":"<p>La Municipalidad de Federaci\u00f3n no accedi\u00f3 a otorgarles un bono de fin de a\u00f1o a los empleados, tal como ven\u00edan reclamando \u00b7 Sin embargo, los trabajadores pidieron que el beneficio se otorgue en enero y que se adelanten las paritarias, que todos los a\u00f1os se concretan en enero \u00b7 Las partes quedaron en reunirse nuevamente<\/p>\n","protected":false},"author":2,"featured_media":21482,"comment_status":"closed","ping_status":"closed","sticky":false,"template":"","format":"standard","meta":{"footnotes":""},"categories":[7],"tags":[17],"class_list":["post-21481","post","type-post","status-publish","format-standard","has-post-thumbnail","hentry","category-informe-sindical","tag-entre-rios"],"_links":{"self":[{"href":"http:\/\/argentinamunicipal.com.ar\/argentina\/wp-json\/wp\/v2\/posts\/21481","targetHints":{"allow":["GET"]}}],"collection":[{"href":"http:\/\/argentinamunicipal.com.ar\/argentina\/wp-json\/wp\/v2\/posts"}],"about":[{"href":"http:\/\/argentinamunicipal.com.ar\/argentina\/wp-json\/wp\/v2\/types\/post"}],"author":[{"embeddable":true,"href":"http:\/\/argentinamunicipal.com.ar\/argentina\/wp-json\/wp\/v2\/users\/2"}],"replies":[{"embeddable":true,"href":"http:\/\/argentinamunicipal.com.ar\/argentina\/wp-json\/wp\/v2\/comments?post=21481"}],"version-history":[{"count":0,"href":"http:\/\/argentinamunicipal.com.ar\/argentina\/wp-json\/wp\/v2\/posts\/21481\/revisions"}],"wp:featuredmedia":[{"embeddable":true,"href":"http:\/\/argentinamunicipal.com.ar\/argentina\/wp-json\/wp\/v2\/media\/21482"}],"wp:attachment":[{"href":"http:\/\/argentinamunicipal.com.ar\/argentina\/wp-json\/wp\/v2\/media?parent=21481"}],"wp:term":[{"taxonomy":"category","embeddable":true,"href":"http:\/\/argentinamunicipal.com.ar\/argentina\/wp-json\/wp\/v2\/categories?post=21481"},{"taxonomy":"post_tag","embeddable":true,"href":"http:\/\/argentinamunicipal.com.ar\/argentina\/wp-json\/wp\/v2\/tags?post=21481"}],"curies":[{"name":"wp","href":"https:\/\/api.w.org\/{rel}","templated":true}]}}