{"id":21499,"date":"2014-12-21T06:51:49","date_gmt":"2014-12-21T09:51:49","guid":{"rendered":"http:\/\/argentinamunicipal.com.ar\/argentina\/?p=21499"},"modified":"2014-12-19T09:54:51","modified_gmt":"2014-12-19T12:54:51","slug":"capitanich-transmitio-la-decision-de-la-presidenta-de-impulsar-la-ley-de-agricultura-familiar-y-de-otorgar-presupuesto-al-area","status":"publish","type":"post","link":"http:\/\/argentinamunicipal.com.ar\/argentina\/capitanich-transmitio-la-decision-de-la-presidenta-de-impulsar-la-ley-de-agricultura-familiar-y-de-otorgar-presupuesto-al-area\/","title":{"rendered":"Capitanich transmiti\u00f3 la decisi\u00f3n de la Presidenta de impulsar la ley de agricultura familiar y de otorgar presupuesto al \u00e1rea"},"content":{"rendered":"<p><a href=\"http:\/\/argentinamunicipal.com.ar\/argentina\/wp-content\/uploads\/2014\/12\/548f713bb315c_510x340.jpg\"><img loading=\"lazy\" decoding=\"async\" class=\"aligncenter size-full wp-image-21500\" src=\"http:\/\/argentinamunicipal.com.ar\/argentina\/wp-content\/uploads\/2014\/12\/548f713bb315c_510x340.jpg\" alt=\"548f713bb315c_510x340\" width=\"510\" height=\"340\" srcset=\"http:\/\/argentinamunicipal.com.ar\/argentina\/wp-content\/uploads\/2014\/12\/548f713bb315c_510x340.jpg 510w, http:\/\/argentinamunicipal.com.ar\/argentina\/wp-content\/uploads\/2014\/12\/548f713bb315c_510x340-300x200.jpg 300w\" sizes=\"auto, (max-width: 510px) 100vw, 510px\" \/><\/a><br \/>\nEl jefe de Gabinete, Jorge Capitanich, transmiti\u00f3 hoy al Consejo de la Agricultura Familiar, Campesina e Ind\u00edgena la decisi\u00f3n de la presidenta Cristina Fern\u00e1ndez de Kirchner de \u00absancionar y aplicar\u00bb la futura ley de Agricultura Familiar que ser\u00e1 discutida en los pr\u00f3ximos d\u00edas en el Senado y convoc\u00f3 al organismo a una reuni\u00f3n de trabajo para el pr\u00f3ximo 5 de enero, que se realizar\u00e1 en el Sal\u00f3n Norte de la Casa Rosada.<\/p>\n<p>\u00abLa Presidenta me dijo muy concretamente que hay que sancionar y aplicar la ley y para poder aplicarla y que funcione tiene que tener recursos\u00bb, afirm\u00f3 esta tarde Capitanich durante una reuni\u00f3n en la que participaron integrantes de organizaciones campesinas e ind\u00edgenas y legisladores nacionales, a quienes anticip\u00f3 que el presupuesto del \u00e1rea -de 1.500 millones de pesos- estar\u00e1 incluido en la reglamentaci\u00f3n de la ley y que su aplicaci\u00f3n \u00abser\u00e1 inmediata\u00bb.<\/p>\n<p>La reuni\u00f3n se llev\u00f3 a cabo en el Sal\u00f3n Auditorio de la sede de la cartera agropecuaria, con la presencia del\u00a0 ministro del \u00e1rea, Carlos Casamiquela; el secretario de Agricultura Familiar, Emilio P\u00e9rsico, dirigentes de organizaciones de campesinas e ind\u00edgenas y legisladores de ambas c\u00e1maras, que fueron invitados al encuentro para hablar de la ley de Agricultura Familiar y del presupuesto de la norma.<\/p>\n<p>\u00abCreo que todas las presencias, la de Capitanich y la de los legisladores nos hablan de la decisi\u00f3n de la Presidenta de ir fondo con la aplicaci\u00f3n de la ley para los agricultores familiares. Estamos muy contentos\u00bb, dijo a T\u00e9lam el ministro Casamiquela, al finalizar la multitudinaria reuni\u00f3n que fue convocada como cierre del A\u00f1o Internacional de la Agricultura Familiar dispuesto por la FAO.<\/p>\n<p>El proyecto de ley de \u00abReparaci\u00f3n Hist\u00f3rica de la Agricultura Familiar\u00bb -que ya cuenta con media sanci\u00f3n de la C\u00e1mara de Diputados y prev\u00e9 originalmente un presupuesto para el sector de 1.500 millones de pesos- ser\u00e1 tratada esta semana por el Senado, donde el oficialismo conf\u00eda en convertirla en ley.<\/p>\n<p>Capitanich dijo que su promulgaci\u00f3n \u00abser\u00e1 inmediata al igual que su reglamentaci\u00f3n\u00bb.<\/p>\n<p>Al detallar los pasos que el gobierno dar\u00e1 una vez que el Congreso haya convertido en ley el proyecto, Capitanich record\u00f3 que \u00abla promulgaci\u00f3n de una ley puede ser por tiempo o en forma expl\u00edcita, en una decisi\u00f3n administrativa y esto es lo que haremos a fin de garantizar la asignaci\u00f3n presupuestaria\u00bb.<\/p>\n<p>En su exposici\u00f3n, el ministro dijo que el gobierno realizar\u00e1 el \u00abm\u00e1ximo esfuerzo\u00bb para resolver los problemas que existen con los t\u00edtulos de las tierras que reclaman sectores campesinos e ind\u00edgenas y la necesidad de \u00abregularizar\u00bb los dominios sobre todo en los terrenos fiscales.<\/p>\n<p>A su turno, Angel Strappazz\u00f3n, del Movimiento Nacional Campesino-Ind\u00edgena V\u00eda Campesina (MNCI-VC) dijo que la sanci\u00f3n de la\u00a0 ley de Agricultura Familiar \u00abimpulsar\u00e1 a los gobiernos de Unasur, de \u00c1frica y otros continentes a hacer lo mismo\u00bb y destac\u00f3 que con los recursos que la nueva ley dispondr\u00e1 para los agricultores \u00e9stos \u00abpodr\u00e1n pasar de las zorras (carro de carga) a las motocargas para el transporte de sus producciones\u00bb.<\/p>\n<p>En tanto, Claudia Giaccone, diputada nacional por Santa Fe, integrante de la comisi\u00f3n de Agricultura de la C\u00e1mara baja e impulsora de la ley, asever\u00f3 que \u00absin dudas esta es una ley de la d\u00e9cada ganada porque se institucionaliza al sector\u00bb, tras lo cual sostuvo que \u00abnos espera un a\u00f1o de una gran batalla y la ley es una gran bandera\u00bb.<\/p>\n<p>Las distintas intervenciones llevaron finalmente a que el Jefe de Gabinete fijara una reuni\u00f3n con el Consejo de la Agricultura Familiar Campesina e Ind\u00edgena, creada por una resoluci\u00f3n del Ministerio de Agricultura en agosto de este a\u00f1o, para el pr\u00f3ximo 5 de enero en el Sal\u00f3n Norte de la Casa Rosada.<\/p>\n<p>La \u00faltima en hablar fue Mercedes Taboada, tambi\u00e9n del MNCI de Florencio Varela, quien destac\u00f3 los aspectos positivos de la futura ley en cuanto a la posibilidad de registrar agricultores familiares y avanzar con los conflictos por la tierra.<\/p>\n<h6>Fuente: T\u00e9lam<\/h6>\n","protected":false},"excerpt":{"rendered":"<p>El jefe de Gabinete, Jorge Capitanich, transmiti\u00f3 hoy al Consejo de la Agricultura Familiar, Campesina e Ind\u00edgena la decisi\u00f3n de la presidenta Cristina Fern\u00e1ndez de Kirchner de \u00absancionar y aplicar\u00bb la futura ley de Agricultura Familiar que ser\u00e1 discutida en los pr\u00f3ximos d\u00edas en el Senado y convoc\u00f3 al organismo a una reuni\u00f3n de trabajo<\/p>\n","protected":false},"author":2,"featured_media":21500,"comment_status":"closed","ping_status":"closed","sticky":false,"template":"","format":"standard","meta":{"footnotes":""},"categories":[4],"tags":[21],"class_list":["post-21499","post","type-post","status-publish","format-standard","has-post-thumbnail","hentry","category-informe-politico","tag-argentina"],"_links":{"self":[{"href":"http:\/\/argentinamunicipal.com.ar\/argentina\/wp-json\/wp\/v2\/posts\/21499","targetHints":{"allow":["GET"]}}],"collection":[{"href":"http:\/\/argentinamunicipal.com.ar\/argentina\/wp-json\/wp\/v2\/posts"}],"about":[{"href":"http:\/\/argentinamunicipal.com.ar\/argentina\/wp-json\/wp\/v2\/types\/post"}],"author":[{"embeddable":true,"href":"http:\/\/argentinamunicipal.com.ar\/argentina\/wp-json\/wp\/v2\/users\/2"}],"replies":[{"embeddable":true,"href":"http:\/\/argentinamunicipal.com.ar\/argentina\/wp-json\/wp\/v2\/comments?post=21499"}],"version-history":[{"count":0,"href":"http:\/\/argentinamunicipal.com.ar\/argentina\/wp-json\/wp\/v2\/posts\/21499\/revisions"}],"wp:featuredmedia":[{"embeddable":true,"href":"http:\/\/argentinamunicipal.com.ar\/argentina\/wp-json\/wp\/v2\/media\/21500"}],"wp:attachment":[{"href":"http:\/\/argentinamunicipal.com.ar\/argentina\/wp-json\/wp\/v2\/media?parent=21499"}],"wp:term":[{"taxonomy":"category","embeddable":true,"href":"http:\/\/argentinamunicipal.com.ar\/argentina\/wp-json\/wp\/v2\/categories?post=21499"},{"taxonomy":"post_tag","embeddable":true,"href":"http:\/\/argentinamunicipal.com.ar\/argentina\/wp-json\/wp\/v2\/tags?post=21499"}],"curies":[{"name":"wp","href":"https:\/\/api.w.org\/{rel}","templated":true}]}}