{"id":21531,"date":"2014-12-20T11:22:25","date_gmt":"2014-12-20T14:22:25","guid":{"rendered":"http:\/\/argentinamunicipal.com.ar\/argentina\/?p=21531"},"modified":"2014-12-20T11:22:25","modified_gmt":"2014-12-20T14:22:25","slug":"dean-funes-y-villa-dolores-mas-cerca-del-sueno-universitario","status":"publish","type":"post","link":"http:\/\/argentinamunicipal.com.ar\/argentina\/dean-funes-y-villa-dolores-mas-cerca-del-sueno-universitario\/","title":{"rendered":"De\u00e1n Funes y Villa Dolores, m\u00e1s cerca del sue\u00f1o universitario"},"content":{"rendered":"<p><a href=\"http:\/\/argentinamunicipal.com.ar\/argentina\/wp-content\/uploads\/2014\/12\/dean-funes.jpg\"><img loading=\"lazy\" decoding=\"async\" class=\"aligncenter size-full wp-image-21532\" src=\"http:\/\/argentinamunicipal.com.ar\/argentina\/wp-content\/uploads\/2014\/12\/dean-funes.jpg\" alt=\"dean-funes\" width=\"642\" height=\"366\" srcset=\"http:\/\/argentinamunicipal.com.ar\/argentina\/wp-content\/uploads\/2014\/12\/dean-funes.jpg 642w, http:\/\/argentinamunicipal.com.ar\/argentina\/wp-content\/uploads\/2014\/12\/dean-funes-300x171.jpg 300w\" sizes=\"auto, (max-width: 642px) 100vw, 642px\" \/><\/a><br \/>\nAyer se firmaron convenios para la construcci\u00f3n de la sede propia de los centros regionales de educaci\u00f3n superior que funcionan en esas ciudades del interior cordob\u00e9s.<\/p>\n<p>Ayer se firmaron convenios para la construcci\u00f3n de la sede propia de los centros regionales de educaci\u00f3n superior que funcionan en esas ciudades del interior cordob\u00e9s. De\u00e1n Funes dio otro paso hacia la creaci\u00f3n de la universidad p\u00fablica en esa ciudad ubicada a 119 kil\u00f3metros al noroeste de la Capital cordobesa.<\/p>\n<p>Anoche se suscribi\u00f3 un convenio en virtud del cual la Secretar\u00eda de Pol\u00edticas Universitarias de la Naci\u00f3n se compromete a invertir 23 millones de pesos para la construcci\u00f3n de la sede propia del Centro Regional de Educaci\u00f3n Superior (Cres), que funciona desde 2012 en la cabecera del departamento Ischil\u00edn.<\/p>\n<p>Esa unidad acad\u00e9mica constituye el n\u00facleo de un verdadero polo universitario, donde las universidades p\u00fablicas nacionales con asiento en C\u00f3rdoba est\u00e1n haciendo realidad el sue\u00f1o de muchos j\u00f3venes de alcanzar un t\u00edtulo universitario.<\/p>\n<p>Por caso, la UNC dicta all\u00ed las siguientes carreras: Contador P\u00fablico y Kinesiolog\u00eda y Fisioterapia; tambi\u00e9n, las licenciaturas en Trabajo Social y en Enfermer\u00eda. En tanto, la Universidad Nacional de Villa Mar\u00eda (UNVM) ofrece la Licenciatura en Educaci\u00f3n F\u00edsica, y la Tecnol\u00f3gica Nacional (Regional Villa Mar\u00eda), la Tecnicatura en Mecatr\u00f3nica y la Licenciatura en Tecnolog\u00eda Educativa. Asimismo, se pueden cursar en el Cres de De\u00e1n Funes, las tecnicaturas en Seguridad e Higiene, en Programaci\u00f3n y en Mantenimiento Industrial que dicta la UTVN Regional C\u00f3rdoba.<\/p>\n<p>En la actualidad, m\u00e1s de mil alumnos desarrollan actividades acad\u00e9micas superiores en De\u00e1n Funes.<\/p>\n<p>Participaron en el acto el rector de la UNC, Francisco Tamarit, el ministro de Educaci\u00f3n de la Provincia, Walter Grahovac y los diputados nacionales por C\u00f3rdoba Mart\u00edn Gil, Nora Bedano y Soledad Carrizo, entre otros.<\/p>\n<p>En Villa Dolores<\/p>\n<p>Ayer a la ma\u00f1ana se suscribi\u00f3 un convenio similar para la construcci\u00f3n de la sede del Centro Regional de Educaci\u00f3n Superior de Villa Dolores.<\/p>\n<h6>Fuente: La Voz del Interior<\/h6>\n","protected":false},"excerpt":{"rendered":"<p>Ayer se firmaron convenios para la construcci\u00f3n de la sede propia de los centros regionales de educaci\u00f3n superior que funcionan en esas ciudades del interior cordob\u00e9s. Ayer se firmaron convenios para la construcci\u00f3n de la sede propia de los centros regionales de educaci\u00f3n superior que funcionan en esas ciudades del interior cordob\u00e9s. De\u00e1n Funes dio<\/p>\n","protected":false},"author":2,"featured_media":21532,"comment_status":"closed","ping_status":"closed","sticky":false,"template":"","format":"standard","meta":{"footnotes":""},"categories":[2],"tags":[3],"class_list":["post-21531","post","type-post","status-publish","format-standard","has-post-thumbnail","hentry","category-informe-municipal","tag-cordoba"],"_links":{"self":[{"href":"http:\/\/argentinamunicipal.com.ar\/argentina\/wp-json\/wp\/v2\/posts\/21531","targetHints":{"allow":["GET"]}}],"collection":[{"href":"http:\/\/argentinamunicipal.com.ar\/argentina\/wp-json\/wp\/v2\/posts"}],"about":[{"href":"http:\/\/argentinamunicipal.com.ar\/argentina\/wp-json\/wp\/v2\/types\/post"}],"author":[{"embeddable":true,"href":"http:\/\/argentinamunicipal.com.ar\/argentina\/wp-json\/wp\/v2\/users\/2"}],"replies":[{"embeddable":true,"href":"http:\/\/argentinamunicipal.com.ar\/argentina\/wp-json\/wp\/v2\/comments?post=21531"}],"version-history":[{"count":0,"href":"http:\/\/argentinamunicipal.com.ar\/argentina\/wp-json\/wp\/v2\/posts\/21531\/revisions"}],"wp:featuredmedia":[{"embeddable":true,"href":"http:\/\/argentinamunicipal.com.ar\/argentina\/wp-json\/wp\/v2\/media\/21532"}],"wp:attachment":[{"href":"http:\/\/argentinamunicipal.com.ar\/argentina\/wp-json\/wp\/v2\/media?parent=21531"}],"wp:term":[{"taxonomy":"category","embeddable":true,"href":"http:\/\/argentinamunicipal.com.ar\/argentina\/wp-json\/wp\/v2\/categories?post=21531"},{"taxonomy":"post_tag","embeddable":true,"href":"http:\/\/argentinamunicipal.com.ar\/argentina\/wp-json\/wp\/v2\/tags?post=21531"}],"curies":[{"name":"wp","href":"https:\/\/api.w.org\/{rel}","templated":true}]}}